{"id":497570,"date":"2025-10-29T11:20:14","date_gmt":"2025-10-29T11:20:14","guid":{"rendered":"https:\/\/www.europesays.com\/fr\/497570\/"},"modified":"2025-10-29T11:20:14","modified_gmt":"2025-10-29T11:20:14","slug":"bloom-bat-lo-fi-au-makeda-le-11-decembre","status":"publish","type":"post","link":"https:\/\/www.europesays.com\/fr\/497570\/","title":{"rendered":"Bloom Bat, Lo-Fi au Makeda, Le 11 d\u00e9cembre"},"content":{"rendered":"<p>\tBloom Bat, Lo-Fi au Makeda, Le 11 d\u00e9cembre &#8211; Toutma<\/p>\n<p>&#13;<br \/>\n&#13;<\/p>\n<p>&#13;<br \/>\n\t\t&#13;<\/p>\n<p>Nous utilisons des cookies pour vous garantir la meilleure exp\u00e9rience sur notre site web. Si vous continuez \u00e0 utiliser ce site, nous supposerons que vous en \u00eates satisfait.OK<\/p>\n<p>\t\t&#13;<\/p>\n","protected":false},"excerpt":{"rendered":"Bloom Bat, Lo-Fi au Makeda, Le 11 d\u00e9cembre &#8211; Toutma &#13; &#13; &#13; &#13; Nous utilisons des cookies&hellip;\n","protected":false},"author":2,"featured_media":497571,"comment_status":"","ping_status":"","sticky":false,"template":"","format":"standard","meta":{"footnotes":""},"categories":[2814],"tags":[1111,11,2593,61994,61995,61996,1697,61997,1777,674,1011,27,884,12,882,61998,25,61999],"class_list":{"0":"post-497570","1":"post","2":"type-post","3":"status-publish","4":"format-standard","5":"has-post-thumbnail","7":"category-marseille","8":"tag-actu","9":"tag-actualites","10":"tag-artiste","11":"tag-artiste-bloom-bat","12":"tag-artiste-marseillais","13":"tag-chanteur-marseillais","14":"tag-concert","15":"tag-concert-marseille","16":"tag-eu","17":"tag-europe","18":"tag-fr","19":"tag-france","20":"tag-marseille","21":"tag-news","22":"tag-provence-alpes-cote-dazur","23":"tag-que-faire-a-marseille","24":"tag-republique-francaise","25":"tag-sorti-album-bloom-bat"},"share_on_mastodon":{"url":"https:\/\/pubeurope.com\/@fr\/115457191111376387","error":""},"_links":{"self":[{"href":"https:\/\/www.europesays.com\/fr\/wp-json\/wp\/v2\/posts\/497570","targetHints":{"allow":["GET"]}}],"collection":[{"href":"https:\/\/www.europesays.com\/fr\/wp-json\/wp\/v2\/posts"}],"about":[{"href":"https:\/\/www.europesays.com\/fr\/wp-json\/wp\/v2\/types\/post"}],"author":[{"embeddable":true,"href":"https:\/\/www.europesays.com\/fr\/wp-json\/wp\/v2\/users\/2"}],"replies":[{"embeddable":true,"href":"https:\/\/www.europesays.com\/fr\/wp-json\/wp\/v2\/comments?post=497570"}],"version-history":[{"count":0,"href":"https:\/\/www.europesays.com\/fr\/wp-json\/wp\/v2\/posts\/497570\/revisions"}],"wp:featuredmedia":[{"embeddable":true,"href":"https:\/\/www.europesays.com\/fr\/wp-json\/wp\/v2\/media\/497571"}],"wp:attachment":[{"href":"https:\/\/www.europesays.com\/fr\/wp-json\/wp\/v2\/media?parent=497570"}],"wp:term":[{"taxonomy":"category","embeddable":true,"href":"https:\/\/www.europesays.com\/fr\/wp-json\/wp\/v2\/categories?post=497570"},{"taxonomy":"post_tag","embeddable":true,"href":"https:\/\/www.europesays.com\/fr\/wp-json\/wp\/v2\/tags?post=497570"}],"curies":[{"name":"wp","href":"https:\/\/api.w.org\/{rel}","templated":true}]}}