{"id":497574,"date":"2025-10-29T11:22:18","date_gmt":"2025-10-29T11:22:18","guid":{"rendered":"https:\/\/www.europesays.com\/fr\/497574\/"},"modified":"2025-10-29T11:22:18","modified_gmt":"2025-10-29T11:22:18","slug":"les-syndicats-de-retraites-se-mobilisent-ce-6-novembre-a-lyon-et-villefranche-sur-saone","status":"publish","type":"post","link":"https:\/\/www.europesays.com\/fr\/497574\/","title":{"rendered":"Les syndicats de retrait\u00e9s se mobilisent ce 6 novembre \u00e0 Lyon et Villefranche-sur-Sa\u00f4ne"},"content":{"rendered":"<p>                            <img loading=\"lazy\" width=\"1080\" height=\"675\" class=\"attachment-article size-article wp-post-image lazyload\" alt=\"\" decoding=\"async\" src=\"https:\/\/www.europesays.com\/fr\/wp-content\/uploads\/2025\/10\/IMG_4133-e1674137335598.jpg\" data-eio-rwidth=\"1080\" data-eio-rheight=\"675\"\/><\/p>\n<p>Les syndicats font barrage pour emp\u00eacher de potentielles violences (Photo Julien Barletta)<\/p>\n<p class=\"content\" style=\"font-size:1.2em;font-weight:700\">Une manifestation de retrait\u00e9s se tiendra le 6 novembre \u00e0 Lyon et Villefranche-sur-Sa\u00f4ne contre le budget du gouvernement Lecornu II.<\/p>\n<p>Les syndicats de retrait\u00e9s (CGT, FSU, CFE-CGC, CFTC, Solidaires et LSR) protestent contre le projet de budget 2026. Par l&rsquo;interm\u00e9diaire d&rsquo;un communiqu\u00e9, les diff\u00e9rentes organisation ont annonc\u00e9 manifester le 6 novembre prochain \u00e0 Lyon (devant la pr\u00e9fecture) et Villefranche-sur-Sa\u00f4ne (place des arts).<\/p>\n<p>\u00ab\u00a0L&rsquo;ann\u00e9e blanche co\u00fbtera en moyenne 350 \u20ac par an \u00e0 un m\u00e9nage\u00a0\u00bb<\/p>\n<p>Les syndicats parlent d'\u00a0\u00bbune attaque sans pr\u00e9c\u00e9dent contre notre S\u00e9curit\u00e9 sociale et les droits des retrait\u00e9s.\u00a0\u00bb  Ils d\u00e9noncent \u00e9galement un projet reprenant \u00ab\u00a0les mesures d\u2019aust\u00e9rit\u00e9\u00a0\u00bb de Fran\u00e7ois Bayrou. De ce fait, plusieurs mesures sont \u00e9voqu\u00e9es par les manifestants. <\/p>\n<p>Parmi celles-ci, le gel des pensions en 2026 et de l&rsquo;allocation de solidarit\u00e9 aux personnes \u00e2g\u00e9es ASPA sont notamment vis\u00e9es. Un constat qui am\u00e8ne \u00e0 une conclusion :\u00a0\u00bbL&rsquo;ann\u00e9e blanche co\u00fbtera en moyenne 350 \u20ac par an \u00e0 un m\u00e9nage dont la personne de r\u00e9f\u00e9rence est un retrait\u00e9\u00a0\u00bb. Une chiffre qui peut alerter puisqu&rsquo;\u00e0 titre de comparaison, \u00ab\u00a0un salari\u00e9 perdra 105 \u20ac, un ch\u00f4meur 180 \u20ac\u00a0\u00bb.<\/p>\n<p>A travers cette manifestation du 6 novembre, la sant\u00e9 des retrait\u00e9s est \u00e9galement point\u00e9e du doigt. En effet, le projet de loi Lecornu pr\u00e9voit notamment \u00ab\u00a0le doublement des franchises m\u00e9dicales et de la participation forfaitaire annuelle.\u00a0\u00bb En outre, la remise en cause du statut \u00ab\u00a0affection de longue<br \/>dur\u00e9e\u00a0\u00bb et la \u00ab\u00a0diminution de la prise en charge des cures thermales\u00a0\u00bb, pr\u00e9occupent particuli\u00e8rement les manifestants.<\/p>\n<p class=\"has-text-align-center has-cyan-bluish-gray-background-color has-background\"><strong>Ce que les syndicats r\u00e9clament<br \/><\/strong>&#8211; La revalorisation de 10 % de toutes les pensions <br \/>&#8211; Des mesures pour les petites retraites <br \/>&#8211; L\u2019indexation des pensions sur l\u2019\u00e9volution des salaires <br \/>&#8211; Le droit \u00e0 la sant\u00e9 et \u00e0 l\u2019acc\u00e8s aux soins pour toutes et tous <br \/>&#8211; Le retour de la retraite \u00e0 60 ans avec des d\u00e9parts anticip\u00e9s pour les m\u00e9tiers p\u00e9nibles <br \/>&#8211; Le maintien de l\u2019abattement fiscal de 10 %<\/p>\n","protected":false},"excerpt":{"rendered":"Les syndicats font barrage pour emp\u00eacher de potentielles violences (Photo Julien Barletta) Une manifestation de retrait\u00e9s se tiendra&hellip;\n","protected":false},"author":2,"featured_media":497575,"comment_status":"","ping_status":"","sticky":false,"template":"","format":"standard","meta":{"footnotes":""},"categories":[1889],"tags":[62000,1111,11,2430,1777,674,1011,27,2428,1272,12,25,9910,15992],"class_list":{"0":"post-497574","1":"post","2":"type-post","3":"status-publish","4":"format-standard","5":"has-post-thumbnail","7":"category-lyon","8":"tag-6-novembre","9":"tag-actu","10":"tag-actualites","11":"tag-auvergne-rhone-alpes","12":"tag-eu","13":"tag-europe","14":"tag-fr","15":"tag-france","16":"tag-lyon","17":"tag-manifestations","18":"tag-news","19":"tag-republique-francaise","20":"tag-retraites","21":"tag-villefranche-sur-saone"},"share_on_mastodon":{"url":"https:\/\/pubeurope.com\/@fr\/115457199104882345","error":""},"_links":{"self":[{"href":"https:\/\/www.europesays.com\/fr\/wp-json\/wp\/v2\/posts\/497574","targetHints":{"allow":["GET"]}}],"collection":[{"href":"https:\/\/www.europesays.com\/fr\/wp-json\/wp\/v2\/posts"}],"about":[{"href":"https:\/\/www.europesays.com\/fr\/wp-json\/wp\/v2\/types\/post"}],"author":[{"embeddable":true,"href":"https:\/\/www.europesays.com\/fr\/wp-json\/wp\/v2\/users\/2"}],"replies":[{"embeddable":true,"href":"https:\/\/www.europesays.com\/fr\/wp-json\/wp\/v2\/comments?post=497574"}],"version-history":[{"count":0,"href":"https:\/\/www.europesays.com\/fr\/wp-json\/wp\/v2\/posts\/497574\/revisions"}],"wp:featuredmedia":[{"embeddable":true,"href":"https:\/\/www.europesays.com\/fr\/wp-json\/wp\/v2\/media\/497575"}],"wp:attachment":[{"href":"https:\/\/www.europesays.com\/fr\/wp-json\/wp\/v2\/media?parent=497574"}],"wp:term":[{"taxonomy":"category","embeddable":true,"href":"https:\/\/www.europesays.com\/fr\/wp-json\/wp\/v2\/categories?post=497574"},{"taxonomy":"post_tag","embeddable":true,"href":"https:\/\/www.europesays.com\/fr\/wp-json\/wp\/v2\/tags?post=497574"}],"curies":[{"name":"wp","href":"https:\/\/api.w.org\/{rel}","templated":true}]}}