{"id":497576,"date":"2025-10-29T11:23:11","date_gmt":"2025-10-29T11:23:11","guid":{"rendered":"https:\/\/www.europesays.com\/fr\/497576\/"},"modified":"2025-10-29T11:23:11","modified_gmt":"2025-10-29T11:23:11","slug":"un-homme-gravement-poignarde-lors-dune-rixe-le-suspect-interpelle-par-un-policier-hors-service","status":"publish","type":"post","link":"https:\/\/www.europesays.com\/fr\/497576\/","title":{"rendered":"un homme gravement poignard\u00e9 lors d\u2019une rixe, le suspect interpell\u00e9 par un policier hors service"},"content":{"rendered":"<p>\n    Un homme de 39 ans a re\u00e7u plusieurs coups de couteau mardi apr\u00e8s-midi pr\u00e8s de la gare Part-Dieu. Son agresseur a \u00e9t\u00e9 plac\u00e9 en garde \u00e0 vue apr\u00e8s son interpellation.<\/p>\n<p class=\"fig-paragraph\">Un homme de 39 ans a \u00e9t\u00e9 gri\u00e8vement bless\u00e9 mardi apr\u00e8s-midi dans le\u00a0<a href=\"http:\/\/www.lefigaro.fr\/lyon\/a-lyon-la-gare-part-dieu-enfin-dote-d-un-parvis-ouvert-et-immense-apres-dix-ans-de-travaux-20250923\" data-fig-type=\"NewsFlash\" data-gtm-custom-categorie=\"navigation\" data-gtm-custom-action=\"crossclick\" data-gtm-custom-label=\"Contextuel\" data-gtm-event=\"customEventSPE\" data-fig-domain=\"LEFIGARO\" target=\"_blank\" rel=\"noopener\">quartier de la Part-Dieu\u00a0<\/a>(Lyon 3e) \u00e0 quelques pas de la gare du m\u00eame nom. Une rixe aurait oppos\u00e9 quatre personnes vers 16h30 selon les informations de Lyon Mag confirm\u00e9es au Figaro par une source polici\u00e8re. Durant cet affrontement, la victime\u00a0<a href=\"http:\/\/www.lefigaro.fr\/lyon\/narcotrafic-rixes-au-couteau-plus-d-homicides-a-lyon-qu-a-marseille-selon-le-procureur-de-la-republique-20251003\" data-fig-type=\"NewsFlash\" data-gtm-custom-categorie=\"navigation\" data-gtm-custom-action=\"crossclick\" data-gtm-custom-label=\"Contextuel\" data-gtm-event=\"customEventSPE\" data-fig-domain=\"LEFIGARO\" target=\"_blank\" rel=\"noopener\">a re\u00e7u plusieurs coups de couteau<\/a>\u00a0port\u00e9s par un seul homme.<\/p>\n<p class=\"fig-paragraph\">Un policier hors service, t\u00e9moin de l\u2019agression, est alors intervenu en sortant son arme de service avant de neutraliser l\u2019agresseur qui s\u2019est rapidement mis \u00e0 plat ventre sans opposer de r\u00e9sistance. Des agents de la s\u00fbret\u00e9 ferroviaire ont rejoint le gardien de la paix pour s\u00e9curiser les lieux de l\u2019agression.<\/p>\n<p>                                    <a class=\"fig-a11y-skip a11y-hidden\" href=\"#fig-a11y-skip-main-inarticle\"><br \/>\n        Passer la publicit\u00e9<br \/>\n    <\/a><\/p>\n<p class=\"fig-paragraph\">La victime a \u00e9t\u00e9 transport\u00e9e \u00e0 l\u2019h\u00f4pital \u00c9douard-Herriot avec un pronostic vital engag\u00e9. Le principal suspect, \u00e2g\u00e9 de 51 ans, a \u00e9t\u00e9 plac\u00e9 en garde \u00e0 vue mardi apr\u00e8s son interpellation. Une enqu\u00eate est en cours pour comprendre ce qui s\u2019est pass\u00e9 entre l\u2019agresseur et la victime.<\/p>\n","protected":false},"excerpt":{"rendered":"Un homme de 39 ans a re\u00e7u plusieurs coups de couteau mardi apr\u00e8s-midi pr\u00e8s de la gare Part-Dieu.&hellip;\n","protected":false},"author":2,"featured_media":497577,"comment_status":"","ping_status":"","sticky":false,"template":"","format":"standard","meta":{"footnotes":""},"categories":[1889],"tags":[1111,11,2430,7623,1777,674,1011,27,2428,12,10910,25],"class_list":{"0":"post-497576","1":"post","2":"type-post","3":"status-publish","4":"format-standard","5":"has-post-thumbnail","7":"category-lyon","8":"tag-actu","9":"tag-actualites","10":"tag-auvergne-rhone-alpes","11":"tag-coup-de-couteau","12":"tag-eu","13":"tag-europe","14":"tag-fr","15":"tag-france","16":"tag-lyon","17":"tag-news","18":"tag-policier","19":"tag-republique-francaise"},"share_on_mastodon":{"url":"https:\/\/pubeurope.com\/@fr\/115457202752876982","error":""},"_links":{"self":[{"href":"https:\/\/www.europesays.com\/fr\/wp-json\/wp\/v2\/posts\/497576","targetHints":{"allow":["GET"]}}],"collection":[{"href":"https:\/\/www.europesays.com\/fr\/wp-json\/wp\/v2\/posts"}],"about":[{"href":"https:\/\/www.europesays.com\/fr\/wp-json\/wp\/v2\/types\/post"}],"author":[{"embeddable":true,"href":"https:\/\/www.europesays.com\/fr\/wp-json\/wp\/v2\/users\/2"}],"replies":[{"embeddable":true,"href":"https:\/\/www.europesays.com\/fr\/wp-json\/wp\/v2\/comments?post=497576"}],"version-history":[{"count":0,"href":"https:\/\/www.europesays.com\/fr\/wp-json\/wp\/v2\/posts\/497576\/revisions"}],"wp:featuredmedia":[{"embeddable":true,"href":"https:\/\/www.europesays.com\/fr\/wp-json\/wp\/v2\/media\/497577"}],"wp:attachment":[{"href":"https:\/\/www.europesays.com\/fr\/wp-json\/wp\/v2\/media?parent=497576"}],"wp:term":[{"taxonomy":"category","embeddable":true,"href":"https:\/\/www.europesays.com\/fr\/wp-json\/wp\/v2\/categories?post=497576"},{"taxonomy":"post_tag","embeddable":true,"href":"https:\/\/www.europesays.com\/fr\/wp-json\/wp\/v2\/tags?post=497576"}],"curies":[{"name":"wp","href":"https:\/\/api.w.org\/{rel}","templated":true}]}}