{"id":497578,"date":"2025-10-29T11:25:27","date_gmt":"2025-10-29T11:25:27","guid":{"rendered":"https:\/\/www.europesays.com\/fr\/497578\/"},"modified":"2025-10-29T11:25:27","modified_gmt":"2025-10-29T11:25:27","slug":"six-projets-numeriques-pour-transformer-lorganisation-des","status":"publish","type":"post","link":"https:\/\/www.europesays.com\/fr\/497578\/","title":{"rendered":"Six projets num\u00e9riques pour transformer l\u2019organisation des \u2026"},"content":{"rendered":"<p data-start=\"788\" data-end=\"1080\"><strong data-start=\"720\" data-end=\"786\">Un appel \u00e0 projets tourn\u00e9 vers la transformation des pratiques<\/strong><\/p>\n<p data-start=\"788\" data-end=\"1080\">Lanc\u00e9 au printemps 2025 par la Direction de l\u2019Innovation, de la Recherche et de la Transformation Num\u00e9rique (DIRNOV) de l\u2019ARS \u00cele-de-France, l\u2019appel \u00e0 projets visait \u00e0 soutenir les \u00e9tablissements et acteurs de sant\u00e9 qui r\u00e9inventent leurs modes d\u2019organisation gr\u00e2ce \u00e0 des solutions num\u00e9riques.<\/p>\n<p data-start=\"1082\" data-end=\"1356\">Sur <strong data-start=\"1086\" data-end=\"1114\">75 candidatures d\u00e9pos\u00e9es<\/strong>, <strong data-start=\"1116\" data-end=\"1147\">six projets ont \u00e9t\u00e9 retenus<\/strong> pour une exp\u00e9rimentation sur deux ans.<br data-start=\"1186\" data-end=\"1189\"\/>Tous partagent un m\u00eame objectif : am\u00e9liorer les parcours de sant\u00e9, faciliter la coordination interprofessionnelle et replacer l\u2019usager au centre de la prise en charge.<\/p>\n<p data-start=\"1082\" data-end=\"1356\"><strong data-start=\"1367\" data-end=\"1409\">ORSOM : mieux dormir pour mieux gu\u00e9rir<\/strong><\/p>\n<p data-start=\"1411\" data-end=\"1871\">Le projet ORSOM (Organisation des soins en r\u00e9animation pour le sommeil des malades) ambitionne de r\u00e9organiser les soins en r\u00e9animation afin de pr\u00e9server le sommeil des patients.<br data-start=\"1596\" data-end=\"1599\"\/>Gr\u00e2ce \u00e0 un dispositif de neuro-monitoring non invasif et \u00e0 une application de planification, les soignants pourront adapter leurs interventions aux cycles de sommeil observ\u00e9s.<br data-start=\"1778\" data-end=\"1781\"\/>Objectif : am\u00e9liorer la r\u00e9cup\u00e9ration des patients tout en all\u00e9geant la charge des \u00e9quipes.<\/p>\n<p data-start=\"1411\" data-end=\"1871\"><strong data-start=\"1882\" data-end=\"1939\">RTT TCA : le num\u00e9rique au service de la sant\u00e9 mentale<\/strong><\/p>\n<p data-start=\"1941\" data-end=\"2373\">Avec RTT TCA, la pr\u00e9vention et la prise en charge des troubles des conduites alimentaires passent \u00e0 l\u2019\u00e8re digitale.<br data-start=\"2064\" data-end=\"2067\"\/>Le projet s\u2019appuie sur une plateforme num\u00e9rique capable de rep\u00e9rer pr\u00e9cocement les situations \u00e0 risque, d\u2019orienter les patients et de proposer des th\u00e9rapies cognitivo-comportementales semi-autonomes et personnalis\u00e9es.<br data-start=\"2288\" data-end=\"2291\"\/>Un dispositif innovant pour intervenir plus t\u00f4t et mieux accompagner les parcours.<\/p>\n<p data-start=\"1941\" data-end=\"2373\"><strong data-start=\"2384\" data-end=\"2440\">Bien Vieillir Connect : fluidifier le suivi en EHPAD<\/strong><\/p>\n<p data-start=\"2442\" data-end=\"2826\">Bien Vieillir Connect centralise et valorise les donn\u00e9es issues des capteurs et logiciels d\u00e9j\u00e0 pr\u00e9sents dans les EHPAD.<br data-start=\"2565\" data-end=\"2568\"\/>Cette plateforme intelligente agr\u00e8ge les informations sur les constantes vitales, les chutes ou les alertes, et les int\u00e8gre dans les outils m\u00e9tiers existants.<br data-start=\"2730\" data-end=\"2733\"\/>R\u00e9sultat : un suivi plus pr\u00e9cis, une r\u00e9activit\u00e9 accrue et une r\u00e9duction des erreurs de soins.<\/p>\n<p data-start=\"2442\" data-end=\"2826\"><strong data-start=\"2837\" data-end=\"2915\">La Maison Virtuelle : un espace immersif pour les jeunes en refus scolaire<\/strong><\/p>\n<p data-start=\"2917\" data-end=\"3326\">Pens\u00e9e pour les adolescents confront\u00e9s \u00e0 un refus scolaire anxieux, La Maison Virtuelle propose une approche immersive et bienveillante.<br data-start=\"3061\" data-end=\"3064\"\/>Inspir\u00e9e des codes du jeu vid\u00e9o, elle permet aux soignants et aux jeunes d\u2019interagir via des avatars dans un environnement virtuel s\u00e9curis\u00e9.<br data-start=\"3204\" data-end=\"3207\"\/>Ce dispositif num\u00e9rique facilite la reconnexion progressive avec les \u00e9quipes de soins et les structures \u00e9ducatives.<\/p>\n<p data-start=\"2917\" data-end=\"3326\"><strong data-start=\"3337\" data-end=\"3400\">Pr\u00e9vention en CPTS : renforcer la coordination de proximit\u00e9<\/strong><\/p>\n<p data-start=\"3402\" data-end=\"3801\">Au sein d\u2019une Communaut\u00e9 professionnelle territoriale de sant\u00e9 (CPTS), ce projet propose une solution num\u00e9rique collaborative pour rep\u00e9rer les publics fragiles et mieux les accompagner.<br data-start=\"3595\" data-end=\"3598\"\/>L\u2019outil permet de lancer des parcours de soins, d\u2019envoyer des relances automatiques et de g\u00e9n\u00e9rer des rapports partag\u00e9s.<br data-start=\"3718\" data-end=\"3721\"\/>Une innovation qui renforce la pr\u00e9vention et la coordination sur le terrain.<\/p>\n<p data-start=\"3402\" data-end=\"3801\"><strong data-start=\"3812\" data-end=\"3885\">Anamn\u00e8se Multilingue : fluidifier l\u2019accueil aux urgences p\u00e9diatriques<\/strong><\/p>\n<p data-start=\"3887\" data-end=\"4311\">Dernier laur\u00e9at de l\u2019\u00e9dition 2025, Anamn\u00e8se Multilingue propose une application web et mobile permettant aux familles de pr\u00e9parer en amont l\u2019anamn\u00e8se de leur enfant.<br data-start=\"4060\" data-end=\"4063\"\/>Les informations, traduites et structur\u00e9es, sont transmises directement aux \u00e9quipes des urgences.<br data-start=\"4160\" data-end=\"4163\"\/>L\u2019objectif : r\u00e9duire le temps d\u2019attente, am\u00e9liorer la qualit\u00e9 du triage et faciliter la communication, notamment avec les familles non francophones.<\/p>\n<p data-start=\"3887\" data-end=\"4311\"><strong data-start=\"4322\" data-end=\"4373\">Le num\u00e9rique, moteur d\u2019un changement de culture<\/strong><\/p>\n<p data-start=\"4375\" data-end=\"4710\">Ces six projets illustrent une m\u00eame conviction : le num\u00e9rique n\u2019est pas une finalit\u00e9, mais un outil au service de l\u2019organisation du soin.<br data-start=\"4516\" data-end=\"4519\"\/>Qu\u2019il s\u2019agisse de r\u00e9animation, de sant\u00e9 mentale, de g\u00e9riatrie ou de m\u00e9decine de ville, chaque initiative cherche \u00e0 fluidifier les parcours et \u00e0 renforcer la coordination entre professionnels.<\/p>\n<p data-start=\"4712\" data-end=\"4935\">En soutenant ces d\u00e9marches, l\u2019ARS \u00cele-de-France confirme sa volont\u00e9 de faire du territoire un laboratoire de l\u2019innovation en sant\u00e9, o\u00f9 les solutions technologiques accompagnent des transformations concr\u00e8tes et durables.<\/p>\n<p data-start=\"4712\" data-end=\"4935\"><strong data-start=\"4946\" data-end=\"4986\">Vers la g\u00e9n\u00e9ralisation des solutions<\/strong><\/p>\n<p data-start=\"4988\" data-end=\"5303\">Les projets laur\u00e9ats b\u00e9n\u00e9ficieront d\u2019un accompagnement de deux ans, avec un suivi sur leurs impacts organisationnels, techniques et humains.<br data-start=\"5128\" data-end=\"5131\"\/>Leur diffusion \u00e0 plus grande \u00e9chelle d\u00e9pendra de leur interop\u00e9rabilit\u00e9, de la s\u00e9curit\u00e9 des donn\u00e9es, mais aussi de leur appropriation par les \u00e9quipes de terrain.<\/p>\n<p data-start=\"5305\" data-end=\"5479\">La r\u00e9ussite de ces exp\u00e9rimentations pourrait inspirer d\u2019autres r\u00e9gions et contribuer \u00e0 la construction d\u2019un syst\u00e8me de sant\u00e9 plus agile, plus inclusif et mieux coordonn\u00e9.<\/p>\n<p data-start=\"5486\" data-end=\"5952\">Source :<br data-start=\"5498\" data-end=\"5501\"\/>Agence r\u00e9gionale de sant\u00e9 \u00cele-de-France \u2013 \u201cQui sont les laur\u00e9ats 2025 de l\u2019appel \u00e0 projets \u2018Innovations organisationnelles s\u2019appuyant sur une solution technologique ou num\u00e9rique\u2019\u201d<br data-start=\"5682\" data-end=\"5685\"\/><a class=\"decorated-link\" href=\"https:\/\/www.iledefrance.ars.sante.fr\/qui-sont-les-laureats-2025-de-lappel-projets-innovations-organisationnelles-sappuyant-sur-une?utm_source=chatgpt.com\" target=\"_blank\" rel=\"noopener\" data-start=\"5688\" data-end=\"5952\">https:\/\/www.iledefrance.ars.sante.fr\/qui-sont-les-laureats-2025-de-lappel-projets-innovations-organisationnelles-sappuyant-sur-une<\/a><\/p>\n","protected":false},"excerpt":{"rendered":"Un appel \u00e0 projets tourn\u00e9 vers la transformation des pratiques Lanc\u00e9 au printemps 2025 par la Direction de&hellip;\n","protected":false},"author":2,"featured_media":497579,"comment_status":"","ping_status":"","sticky":false,"template":"","format":"standard","meta":{"footnotes":""},"categories":[1592],"tags":[1111,11,62006,62013,62011,1777,674,62008,1011,27,62012,662,62002,12,626,62010,62007,62003,62005,25,62001,62004,62009,17097],"class_list":{"0":"post-497578","1":"post","2":"type-post","3":"status-publish","4":"format-standard","5":"has-post-thumbnail","7":"category-ile-de-france","8":"tag-actu","9":"tag-actualites","10":"tag-anamnese-multilingue","11":"tag-commission-de-referencement","12":"tag-coordination-interprofessionnelle","13":"tag-eu","14":"tag-europe","15":"tag-experimentation-sante","16":"tag-fr","17":"tag-france","18":"tag-gouvernance-du-numerique","19":"tag-ile-de-france","20":"tag-interoperabilite-des-solutions","21":"tag-news","22":"tag-paris","23":"tag-projets-ars-ile-de-france","24":"tag-refus-scolaire","25":"tag-refus-scolaire-anxieux","26":"tag-reorganisation-des-soins","27":"tag-republique-francaise","28":"tag-sante-en-ile-de-france","29":"tag-sante-innovante","30":"tag-sommeil-des-patients","31":"tag-troubles-alimentaires"},"share_on_mastodon":{"url":"https:\/\/pubeurope.com\/@fr\/115457210856850439","error":""},"_links":{"self":[{"href":"https:\/\/www.europesays.com\/fr\/wp-json\/wp\/v2\/posts\/497578","targetHints":{"allow":["GET"]}}],"collection":[{"href":"https:\/\/www.europesays.com\/fr\/wp-json\/wp\/v2\/posts"}],"about":[{"href":"https:\/\/www.europesays.com\/fr\/wp-json\/wp\/v2\/types\/post"}],"author":[{"embeddable":true,"href":"https:\/\/www.europesays.com\/fr\/wp-json\/wp\/v2\/users\/2"}],"replies":[{"embeddable":true,"href":"https:\/\/www.europesays.com\/fr\/wp-json\/wp\/v2\/comments?post=497578"}],"version-history":[{"count":0,"href":"https:\/\/www.europesays.com\/fr\/wp-json\/wp\/v2\/posts\/497578\/revisions"}],"wp:featuredmedia":[{"embeddable":true,"href":"https:\/\/www.europesays.com\/fr\/wp-json\/wp\/v2\/media\/497579"}],"wp:attachment":[{"href":"https:\/\/www.europesays.com\/fr\/wp-json\/wp\/v2\/media?parent=497578"}],"wp:term":[{"taxonomy":"category","embeddable":true,"href":"https:\/\/www.europesays.com\/fr\/wp-json\/wp\/v2\/categories?post=497578"},{"taxonomy":"post_tag","embeddable":true,"href":"https:\/\/www.europesays.com\/fr\/wp-json\/wp\/v2\/tags?post=497578"}],"curies":[{"name":"wp","href":"https:\/\/api.w.org\/{rel}","templated":true}]}}