{"id":497582,"date":"2025-10-29T11:27:10","date_gmt":"2025-10-29T11:27:10","guid":{"rendered":"https:\/\/www.europesays.com\/fr\/497582\/"},"modified":"2025-10-29T11:27:10","modified_gmt":"2025-10-29T11:27:10","slug":"ouverture-du-proces-de-quatre-bulgares-ce-mercredi-a-paris","status":"publish","type":"post","link":"https:\/\/www.europesays.com\/fr\/497582\/","title":{"rendered":"ouverture du proc\u00e8s de quatre Bulgares ce mercredi \u00e0 Paris"},"content":{"rendered":"<p class=\"mb-4 text-lg md:leading-8 break-words\">Le proc\u00e8s de quatre hommes de nationalit\u00e9 bulgare jug\u00e9s dans l&rsquo;affaire des \u00ab\u00a0mains rouges\u00a0\u00bb tagu\u00e9es en mai 2024 sur le M\u00e9morial de la Shoah, sur laquelle plane le spectre d&rsquo;une ing\u00e9rence \u00e9trang\u00e8re, doit s&rsquo;ouvrir ce mercredi apr\u00e8s-midi devant le tribunal correctionnel de Paris.<\/p>\n<p class=\"mb-4 text-lg md:leading-8 break-words\">Durant l&rsquo;audience qui doit durer trois jours, trois pr\u00e9venus doivent r\u00e9pondre de d\u00e9gradations en r\u00e9union et en raison de la pr\u00e9tendue appartenance \u00e0 une race, ethnie ou religion, ainsi que pour association de malfaiteurs.<\/p>\n<p class=\"mb-4 text-lg md:leading-8 break-words\">Le quatri\u00e8me, soup\u00e7onn\u00e9 d&rsquo;avoir effectu\u00e9 les r\u00e9servations d&rsquo;h\u00e9bergement et de transports des auteurs principaux, est poursuivi pour complicit\u00e9 dans les d\u00e9gradations et association de malfaiteurs.<\/p>\n<p class=\"mb-4 text-lg md:leading-8 break-words\">Tous encourent sept ans d&#8217;emprisonnement et 75.000 euros d&rsquo;amende.<\/p>\n<p class=\"mb-4 text-lg md:leading-8 break-words\">Les quatre suspects avaient fui hors de France apr\u00e8s les faits: trois d&rsquo;entre eux ont \u00e9t\u00e9 extrad\u00e9s depuis la Croatie et la Bulgarie avant d&rsquo;\u00eatre plac\u00e9s en d\u00e9tention provisoire. Le quatri\u00e8me, \u00ab\u00a0en fuite, fait l&rsquo;objet d&rsquo;un mandat d&rsquo;arr\u00eat et pourra \u00eatre jug\u00e9 en son absence\u00a0\u00bb, avait pr\u00e9cis\u00e9 le parquet en juillet.<\/p>\n<p class=\"mb-4 text-lg md:leading-8 break-words\">Dans la nuit du 13 au 14 mai 2024, 35 tags repr\u00e9sentant des mains rouges &#8211; symbole pouvant \u00eatre li\u00e9 au lynchage de soldats isra\u00e9liens \u00e0 Ramallah, en Cisjordanie, en 2000 &#8211; avaient \u00e9t\u00e9 peints sur le Mur des Justes du M\u00e9morial de la Shoah \u00e0 Paris.<\/p>\n<p class=\"mb-4 text-lg md:leading-8 break-words\">Plusieurs dizaines de tags similaires avaient \u00e9t\u00e9 d\u00e9couverts sur des murs dans les 4e et 5e arrondissements de la capitale.<\/p>\n<p class=\"mb-4 text-lg md:leading-8 break-words\">Au cours de l&rsquo;information judiciaire s&rsquo;est dessin\u00e9e \u00ab\u00a0l&rsquo;hypoth\u00e8se que cette action \u00e9tait susceptible de correspondre \u00e0 une action de d\u00e9stabilisation de la France orchestr\u00e9e par les services de renseignement russes\u00a0\u00bb, avait estim\u00e9 le parquet.<\/p>\n<p class=\"mb-4 text-lg md:leading-8 break-words\">Le service Viginum, charg\u00e9 de la lutte contre les ing\u00e9rences num\u00e9riques \u00e9trang\u00e8res, avait observ\u00e9 \u00ab\u00a0une instrumentalisation\u00a0\u00bb de cette affaire sur X \u00ab\u00a0par des acteurs li\u00e9s \u00e0 la Russie\u00a0\u00bb.<\/p>\n<p class=\"mb-4 text-lg md:leading-8 break-words\">Ce dossier s&rsquo;inscrit dans une s\u00e9rie de tentatives de d\u00e9stabilisation visant \u00e0 \u00ab\u00a0semer le trouble\u00a0\u00bb et \u00ab\u00a0cr\u00e9er des fractures\u00a0\u00bb dans la population fran\u00e7aise, avait affirm\u00e9 en septembre la procureure de Paris, Laure Beccuau.<\/p>\n<p class=\"mb-4 text-lg md:leading-8 break-words\">Elle citait neuf affaires au total li\u00e9es \u00e0 des ing\u00e9rences \u00e9trang\u00e8res, et parmi elles: les \u00e9toiles de David bleues tagu\u00e9es en r\u00e9gion parisienne en octobre 2023; les cercueils d\u00e9pos\u00e9s au pied de la tour Eiffel couverts du drapeau fran\u00e7ais et portant la mention \u00ab\u00a0soldats fran\u00e7ais de l&rsquo;Ukraine\u00a0\u00bb en juin 2024; ou plus r\u00e9cemment, en septembre, les t\u00eates de cochon d\u00e9pos\u00e9es devant plusieurs mosqu\u00e9es de la r\u00e9gion parisienne.<\/p>\n<p class=\"mb-4 text-lg md:leading-8 break-words\">ads\/cal\/dch<\/p>\n","protected":false},"excerpt":{"rendered":"Le proc\u00e8s de quatre hommes de nationalit\u00e9 bulgare jug\u00e9s dans l&rsquo;affaire des \u00ab\u00a0mains rouges\u00a0\u00bb tagu\u00e9es en mai 2024&hellip;\n","protected":false},"author":2,"featured_media":497583,"comment_status":"","ping_status":"","sticky":false,"template":"","format":"standard","meta":{"footnotes":""},"categories":[1888],"tags":[1111,1928,11,1927,5815,1777,674,1011,27,17056,12,1926,626,1925,25,62014,51125,34787],"class_list":{"0":"post-497582","1":"post","2":"type-post","3":"status-publish","4":"format-standard","5":"has-post-thumbnail","7":"category-paris","8":"tag-actu","9":"tag-actu-paris","10":"tag-actualites","11":"tag-actualites-paris","12":"tag-association-de-malfaiteurs","13":"tag-eu","14":"tag-europe","15":"tag-fr","16":"tag-france","17":"tag-memorial-de-la-shoah","18":"tag-news","19":"tag-news-paris","20":"tag-paris","21":"tag-paris-news","22":"tag-republique-francaise","23":"tag-soldats-israeliens","24":"tag-tetes-de-cochon","25":"tag-tribunal-correctionnel-de-paris"},"share_on_mastodon":{"url":"https:\/\/pubeurope.com\/@fr\/115457218640235926","error":""},"_links":{"self":[{"href":"https:\/\/www.europesays.com\/fr\/wp-json\/wp\/v2\/posts\/497582","targetHints":{"allow":["GET"]}}],"collection":[{"href":"https:\/\/www.europesays.com\/fr\/wp-json\/wp\/v2\/posts"}],"about":[{"href":"https:\/\/www.europesays.com\/fr\/wp-json\/wp\/v2\/types\/post"}],"author":[{"embeddable":true,"href":"https:\/\/www.europesays.com\/fr\/wp-json\/wp\/v2\/users\/2"}],"replies":[{"embeddable":true,"href":"https:\/\/www.europesays.com\/fr\/wp-json\/wp\/v2\/comments?post=497582"}],"version-history":[{"count":0,"href":"https:\/\/www.europesays.com\/fr\/wp-json\/wp\/v2\/posts\/497582\/revisions"}],"wp:featuredmedia":[{"embeddable":true,"href":"https:\/\/www.europesays.com\/fr\/wp-json\/wp\/v2\/media\/497583"}],"wp:attachment":[{"href":"https:\/\/www.europesays.com\/fr\/wp-json\/wp\/v2\/media?parent=497582"}],"wp:term":[{"taxonomy":"category","embeddable":true,"href":"https:\/\/www.europesays.com\/fr\/wp-json\/wp\/v2\/categories?post=497582"},{"taxonomy":"post_tag","embeddable":true,"href":"https:\/\/www.europesays.com\/fr\/wp-json\/wp\/v2\/tags?post=497582"}],"curies":[{"name":"wp","href":"https:\/\/api.w.org\/{rel}","templated":true}]}}