{"id":497584,"date":"2025-10-29T11:28:09","date_gmt":"2025-10-29T11:28:09","guid":{"rendered":"https:\/\/www.europesays.com\/fr\/497584\/"},"modified":"2025-10-29T11:28:09","modified_gmt":"2025-10-29T11:28:09","slug":"sorties-bons-plans-et-meilleures-adresses","status":"publish","type":"post","link":"https:\/\/www.europesays.com\/fr\/497584\/","title":{"rendered":"sorties, bons plans et meilleures adresses"},"content":{"rendered":"<p>ParisSelect &#8211; Place d\u2019Italie et Gobelins \u00e0 Paris 13: sorties, bons plans et meilleures adresses<\/p>\n<p>\u00c0 deux pas de la <a href=\"https:\/\/www.parisselectbook.com\/2024\/05\/30\/piccola-mia-la-nouvelle-etoile-de-la-place-de-la-republique\/\" target=\"_blank\" rel=\"noopener nofollow\">place d\u2019Italie<\/a>, le quartier des Gobelins m\u00eale ateliers, rues calmes et \u00e9nergie populaire. Ainsi, entre patrimoine textile et nouvelles adresses, ce coin du 13e se parcourt \u00e0 pied avec plaisir. Vous y trouvez de quoi remplir une matin\u00e9e, puis prolonger la balade jusqu\u2019\u00e0 la Butte-aux-Cailles.<\/p>\n<p>Patrimoine, savoir-faire et m\u00e9moire des Gobelins<\/p>\n<p>La Manufacture des Gobelins fait toujours vibrer les m\u00e9tiers \u00e0 tisser. G\u00e9r\u00e9e par le <strong>Mobilier national<\/strong>, elle perp\u00e9tue un savoir-faire unique, visible lors d\u2019<a href=\"https:\/\/www.parisselectbook.com\/2025\/10\/24\/fondation-cartier-rouvre-a-paris-exposition-generale-celebre-40-ans-dexpositions\/\" target=\"_blank\" rel=\"noopener nofollow\">expositions<\/a> \u00e0 la Galerie des Gobelins. Ainsi, on comprend comment la laine, la teinture et la patience composent des \u0153uvres monumentales. En bref, c\u2019est un rep\u00e8re pour qui aime les gestes pr\u00e9cis et l\u2019histoire de l\u2019art appliqu\u00e9.<\/p>\n<p>\u00c0 quelques rues, la Bi\u00e8vre coule encore, mais sous terre. De plus, des rep\u00e8res au sol rappellent son trac\u00e9, surtout vers <a href=\"https:\/\/www.parisselectbook.com\/2025\/08\/28\/le-spa-decorte-au-fouquets-paris-lart-du-soin-japonais-sinvite-sur-lavenue-george-v\/\" target=\"_blank\" rel=\"noopener nofollow\">l\u2019avenue<\/a> des Gobelins. Le square Ren\u00e9-Le Gall, souvent nomm\u00e9 jardin des Gobelins, permet une pause \u00e0 l\u2019ombre des arbres. Par cons\u00e9quent, familles et joggeurs s\u2019y croisent d\u00e8s le matin.<\/p>\n<p>Balade urbaine, de la place d\u2019Italie aux ruelles voisines<\/p>\n<p>Depuis la place d\u2019Italie, l\u2019acc\u00e8s est simple gr\u00e2ce aux m\u00e9tros <strong>lignes 5, 6 et 7<\/strong>. Aussi, la station Les Gobelins sur la <strong>ligne 7<\/strong> place les visites \u00e0 port\u00e9e de marche. On rejoint vite l\u2019avenue, puis les rues calmes qui descendent vers la Bi\u00e8vre. En revanche, la <a href=\"https:\/\/www.parisselectbook.com\/2025\/03\/07\/circulations-2025-la-jeune-photographie-europeenne-sexpose-au-centquatre-paris\/\" target=\"_blank\" rel=\"noopener nofollow\">circulation<\/a> peut \u00eatre dense aux heures de pointe.<\/p>\n<blockquote>\n<p>\u00ab Ici, l\u2019histoire du textile croise les vies ordinaires. \u00bb<\/p>\n<\/blockquote>\n<p>En montant, la Butte-aux-Cailles offre un d\u00e9cor de village. Ainsi, on change d\u2019ambiance entre fa\u00e7ades basses, petites places et fresques de street art. La piscine du quartier, au style sobre, attire nageurs et familles. Par cons\u00e9quent, la promenade gagne un rythme doux, loin des grands boulevards.<\/p>\n<p>Pour un tempo serein, privil\u00e9giez les trottoirs larges et les passages pi\u00e9tons s\u00e9curis\u00e9s. D\u00e9sormais, de nombreux axes signalent les pistes cyclables, ce qui rassure en famille. Aussi, quelques c\u00f4tes demandent de bonnes chaussures, surtout vers la Butte. En bref, une poussette passe, mais mieux vaut pr\u00e9voir des pauses.<\/p>\n<ul>\n<li><strong>Acc\u00e8s<\/strong> pratique: Place d\u2019Italie (<strong>5<\/strong>, <strong>6<\/strong>, <strong>7<\/strong>) et station Les Gobelins (<strong>7<\/strong>).<\/li>\n<li><strong>Incontournable<\/strong>: Manufacture des Gobelins et expositions du <strong>Mobilier national<\/strong>.<\/li>\n<li><strong>Pause verte<\/strong>: Square Ren\u00e9-Le Gall pour souffler au calme.<\/li>\n<li><strong>D\u00e9tour inspirant<\/strong>: Butte-aux-Cailles et fresques de street art.<\/li>\n<li><strong>Plan B pluie<\/strong>: Italie Deux pour manger et se mettre \u00e0 l\u2019abri.<\/li>\n<\/ul>\n<p>Adresses et pauses gourmandes<\/p>\n<p>Autour de l\u2019avenue des Gobelins, caf\u00e9s de quartier et boulangeries artisanales rythment la matin\u00e9e. Ainsi, un expresso rapide ou un brunch plus long s\u2019alignent selon votre temps. Les terrasses restent agr\u00e9ables quand le vent tombe. De plus, le service est souvent continu le week-end.<\/p>\n<p>Par temps de pluie, le centre Italie Deux offre une halte pratique. Aussi, on y trouve des tables pour un d\u00e9jeuner simple et des boutiques abrit\u00e9es. Les all\u00e9es sont larges, ce qui facilite la poussette. En revanche, l\u2019affluence grimpe aux soldes.<\/p>\n<p>Si vous prolongez, les avenues d\u2019Ivry et de Choisy m\u00e8nent \u00e0 des tables d\u2019Asie de l\u2019Est. Ainsi, on change de registre avec des bouillons parfum\u00e9s et des \u00e9piceries sp\u00e9cialis\u00e9es. Ce d\u00e9tour compl\u00e8te bien une journ\u00e9e commenc\u00e9e \u00e0 Gobelins. Par cons\u00e9quent, chacun trouve une option selon son budget.<\/p>\n<p>Culture, cin\u00e9ma et sc\u00e8nes du 13e<\/p>\n<p>Le soir, l\u2019UGC Gobelins programme sorties nationales et s\u00e9ances en VO. Aussi, la salle <strong>Le 13e Art<\/strong> \u00e0 la place d\u2019Italie propose th\u00e9\u00e2tre, musique et humour. La Galerie li\u00e9e \u00e0 la Manufacture peut, selon calendrier, accueillir des expositions. En bref, l\u2019offre reste dense \u00e0 distance de marche.<\/p>\n<p>Le 13e brille aussi par ses fresques monumentales. Ainsi, des fa\u00e7ades autour du boulevard Vincent-Auriol forment un parcours visuel. On peut m\u00ealer s\u00e9ance de cin\u00e9ma et balade photo au cr\u00e9puscule. Par cons\u00e9quent, le quartier vit tard mais sans exc\u00e8s.<\/p>\n<p>Conseils pratiques pour arpenter Gobelins toute l\u2019ann\u00e9e<\/p>\n<p>Pour \u00e9viter la foule, visez le matin en semaine autour de Gobelins. Ainsi, les trottoirs restent fluides et les visites se font au calme. Les mercredis et samedis voient plus de familles en sortie. En bref, gardez un \u0153il sur les \u00e9v\u00e9nements du <strong>Mobilier national<\/strong>.<\/p>\n<p>Les transports maillent bien le secteur avec bus et m\u00e9tros <strong>5, 6, 7<\/strong>. Cependant, la pr\u00e9sence d\u2019ascenseurs varie selon les stations. Aussi, pr\u00e9voir un itin\u00e9raire de surface reste judicieux avec une poussette ou un fauteuil. Par cons\u00e9quent, l\u2019option taxi peut gagner du temps le soir.<\/p>\n<p>Par temps clair, la lumi\u00e8re de fin d\u2019apr\u00e8s-midi valorise les fa\u00e7ades. Ainsi, un coupe-vent l\u00e9ger suffit souvent, sauf courant d\u2019air sur les hauteurs. Le p\u00e9rim\u00e8tre de Gobelins reste agr\u00e9able aussi en hiver, si l\u2019on cible des pauses au chaud. En bref, quelques rep\u00e8res not\u00e9s en amont rendent la sortie simple et sereine.<\/p>\n","protected":false},"excerpt":{"rendered":"ParisSelect &#8211; Place d\u2019Italie et Gobelins \u00e0 Paris 13: sorties, bons plans et meilleures adresses \u00c0 deux pas&hellip;\n","protected":false},"author":2,"featured_media":497585,"comment_status":"","ping_status":"","sticky":false,"template":"","format":"standard","meta":{"footnotes":"","_share_on_mastodon":"0"},"categories":[1888],"tags":[11,1777,674,1011,27,62015,12,626,25],"class_list":["post-497584","post","type-post","status-publish","format-standard","has-post-thumbnail","category-paris","tag-actualites","tag-eu","tag-europe","tag-fr","tag-france","tag-gobelins","tag-news","tag-paris","tag-republique-francaise"],"share_on_mastodon":{"url":"https:\/\/pubeurope.com\/@fr\/115457222546921661","error":""},"_links":{"self":[{"href":"https:\/\/www.europesays.com\/fr\/wp-json\/wp\/v2\/posts\/497584","targetHints":{"allow":["GET"]}}],"collection":[{"href":"https:\/\/www.europesays.com\/fr\/wp-json\/wp\/v2\/posts"}],"about":[{"href":"https:\/\/www.europesays.com\/fr\/wp-json\/wp\/v2\/types\/post"}],"author":[{"embeddable":true,"href":"https:\/\/www.europesays.com\/fr\/wp-json\/wp\/v2\/users\/2"}],"replies":[{"embeddable":true,"href":"https:\/\/www.europesays.com\/fr\/wp-json\/wp\/v2\/comments?post=497584"}],"version-history":[{"count":0,"href":"https:\/\/www.europesays.com\/fr\/wp-json\/wp\/v2\/posts\/497584\/revisions"}],"wp:featuredmedia":[{"embeddable":true,"href":"https:\/\/www.europesays.com\/fr\/wp-json\/wp\/v2\/media\/497585"}],"wp:attachment":[{"href":"https:\/\/www.europesays.com\/fr\/wp-json\/wp\/v2\/media?parent=497584"}],"wp:term":[{"taxonomy":"category","embeddable":true,"href":"https:\/\/www.europesays.com\/fr\/wp-json\/wp\/v2\/categories?post=497584"},{"taxonomy":"post_tag","embeddable":true,"href":"https:\/\/www.europesays.com\/fr\/wp-json\/wp\/v2\/tags?post=497584"}],"curies":[{"name":"wp","href":"https:\/\/api.w.org\/{rel}","templated":true}]}}