{"id":497586,"date":"2025-10-29T11:29:19","date_gmt":"2025-10-29T11:29:19","guid":{"rendered":"https:\/\/www.europesays.com\/fr\/497586\/"},"modified":"2025-10-29T11:29:19","modified_gmt":"2025-10-29T11:29:19","slug":"un-homme-soupconne-davoir-viole-une-septuagenaire-a-paris","status":"publish","type":"post","link":"https:\/\/www.europesays.com\/fr\/497586\/","title":{"rendered":"un homme soup\u00e7onn\u00e9 d&rsquo;avoir viol\u00e9 une septuag\u00e9naire \u00e0 Paris"},"content":{"rendered":"<p class=\"article-p mdl\">Un homme de 34 ans, d&rsquo;origine alg\u00e9rienne, est soup\u00e7onn\u00e9 d&rsquo;avoir viol\u00e9 une femme de 79 ans en avril 2024. Les faits se seraient produits au domicile de la septuag\u00e9naire, situ\u00e9 dans le XXe arrondissement de Paris. \u00ab\u00a0Moi, je n&rsquo;ai pas viol\u00e9 cette dame\u00a0\u00bb, mart\u00e8le le trentenaire, rapporte\u00a0<a class=\"link\" href=\"https:\/\/www.leparisien.fr\/faits-divers\/paris-violee-a-79-ans-par-lhomme-qui-montait-ses-courses-chez-elle-28-10-2025-B7T2VTUZYZFHXBJDKEF2353WLI.php\" target=\"_blank\" rel=\"nofollow noopener\">Le Parisien<\/a>. Une audience a eu lieu, mardi 28 octobre, au tribunal de Paris. Son maintien en d\u00e9tention a \u00e9t\u00e9 d\u00e9cid\u00e9.<\/p>\n<p class=\"article-p mdl\">Le trentenaire et la septuag\u00e9naire se sont rencontr\u00e9s dans une \u00e9picerie de quartier. L&rsquo;homme, un sans-papier qui r\u00e9side en France depuis pr\u00e8s de dix ans, a <strong>offert son aide<\/strong> \u00e0 cette habitante du XXe arrondissement, qui faisait ses courses. Elle a accept\u00e9 cette proposition. L&rsquo;homme a donc mont\u00e9 les courses de la septuag\u00e9naire au domicile de cette derni\u00e8re. Et pour le remercier, elle lui a propos\u00e9 un verre de vin.<\/p>\n<p class=\"article-p mdl\">Le trentenaire est accus\u00e9 d&rsquo;avoir <strong>touch\u00e9 la poitrine puis d&rsquo;avoir viol\u00e9 la septuag\u00e9naire<\/strong>, qui lui aurait ordonn\u00e9 d&rsquo;arr\u00eater. Apr\u00e8s le d\u00e9part de l&rsquo;homme, la femme a contact\u00e9 le 17, affirmant qu&rsquo;elle avait \u00e9t\u00e9 victime d&rsquo;une agression sexuelle. Selon Le Parisien, elle souffre d&rsquo;un l\u00e9ger trouble cognitif. Le suspect a \u00e9t\u00e9 interpell\u00e9 \u00e0 Aubervilliers (Seine-Saint-Denis), o\u00f9 il vit.\u00a0<\/p>\n<p>            De l&rsquo;ADN du trentenaire sur la poitrine et les v\u00eatements de la plaignante<\/p>\n<p class=\"article-p mdl\">\u00ab\u00a0C&rsquo;est un homme qui vit en permanence dans la dissimulation. Sans domicile officiel, sans papier, sans emploi d\u00e9clar\u00e9&#8230; Et il a un probl\u00e8me avec l&rsquo;alcool\u00a0\u00bb, a expliqu\u00e9 l&rsquo;avocat g\u00e9n\u00e9ral. <strong>Des empreintes g\u00e9n\u00e9tiques<\/strong>, appartenant au suspect, ont \u00e9t\u00e9 retrouv\u00e9es sur le corps, au niveau de la poitrine, et sur les v\u00eatements de la septuag\u00e9naire.\u00a0<\/p>\n<p class=\"article-p mdl\">Comme le raconte Le Parisien, le r\u00e9cit de l&rsquo;homme de 34 ans a \u00e9volu\u00e9 au fil des auditions. Il a assur\u00e9 qu&rsquo;il n&rsquo;y avait eu aucune relation sexuelle avant de r\u00e9trop\u00e9daler, indiquant finalement qu&rsquo;il aurait eu des actions de nature sexuelle mais niant tout acte de p\u00e9n\u00e9tration. L&rsquo;avocat du suspect, Me Julien Zanatta, a affirm\u00e9 que cette affaire <strong>se basait essentiellement sur \u00ab\u00a0les d\u00e9clarations de la plaignante\u00a0\u00bb<\/strong>, attaquant le r\u00e9cit de la septuag\u00e9naire.\u00a0<\/p>\n<p>    La r\u00e9daction vous recommande<\/p>\n<p class=\"s-newsletter__title\">\n                L\u2019actualit\u00e9 par la r\u00e9daction de RTL dans votre bo\u00eete mail.\n            <\/p>\n<p class=\"s-newsletter__subtitle\">\n                Gr\u00e2ce \u00e0 votre compte RTL abonnez-vous \u00e0 la newsletter RTL info pour suivre toute l&rsquo;actualit\u00e9 au quotidien\n            <\/p>\n<p>\n                                    Lire la suite\n                                <\/p>\n","protected":false},"excerpt":{"rendered":"Un homme de 34 ans, d&rsquo;origine alg\u00e9rienne, est soup\u00e7onn\u00e9 d&rsquo;avoir viol\u00e9 une femme de 79 ans en avril&hellip;\n","protected":false},"author":2,"featured_media":497587,"comment_status":"","ping_status":"","sticky":false,"template":"","format":"standard","meta":{"footnotes":""},"categories":[1888],"tags":[11,1777,674,107,1011,27,303,12,626,25,1265],"class_list":{"0":"post-497586","1":"post","2":"type-post","3":"status-publish","4":"format-standard","5":"has-post-thumbnail","7":"category-paris","8":"tag-actualites","9":"tag-eu","10":"tag-europe","11":"tag-fil-info","12":"tag-fr","13":"tag-france","14":"tag-justice","15":"tag-news","16":"tag-paris","17":"tag-republique-francaise","18":"tag-viol"},"share_on_mastodon":{"url":"https:\/\/pubeurope.com\/@fr\/115457226530151603","error":""},"_links":{"self":[{"href":"https:\/\/www.europesays.com\/fr\/wp-json\/wp\/v2\/posts\/497586","targetHints":{"allow":["GET"]}}],"collection":[{"href":"https:\/\/www.europesays.com\/fr\/wp-json\/wp\/v2\/posts"}],"about":[{"href":"https:\/\/www.europesays.com\/fr\/wp-json\/wp\/v2\/types\/post"}],"author":[{"embeddable":true,"href":"https:\/\/www.europesays.com\/fr\/wp-json\/wp\/v2\/users\/2"}],"replies":[{"embeddable":true,"href":"https:\/\/www.europesays.com\/fr\/wp-json\/wp\/v2\/comments?post=497586"}],"version-history":[{"count":0,"href":"https:\/\/www.europesays.com\/fr\/wp-json\/wp\/v2\/posts\/497586\/revisions"}],"wp:featuredmedia":[{"embeddable":true,"href":"https:\/\/www.europesays.com\/fr\/wp-json\/wp\/v2\/media\/497587"}],"wp:attachment":[{"href":"https:\/\/www.europesays.com\/fr\/wp-json\/wp\/v2\/media?parent=497586"}],"wp:term":[{"taxonomy":"category","embeddable":true,"href":"https:\/\/www.europesays.com\/fr\/wp-json\/wp\/v2\/categories?post=497586"},{"taxonomy":"post_tag","embeddable":true,"href":"https:\/\/www.europesays.com\/fr\/wp-json\/wp\/v2\/tags?post=497586"}],"curies":[{"name":"wp","href":"https:\/\/api.w.org\/{rel}","templated":true}]}}