{"id":497593,"date":"2025-10-29T11:33:16","date_gmt":"2025-10-29T11:33:16","guid":{"rendered":"https:\/\/www.europesays.com\/fr\/497593\/"},"modified":"2025-10-29T11:33:16","modified_gmt":"2025-10-29T11:33:16","slug":"le-vietnam-et-le-royaume-uni-renforcent-leur-cooperation-en-matiere-de-defense","status":"publish","type":"post","link":"https:\/\/www.europesays.com\/fr\/497593\/","title":{"rendered":"Le Vietnam et le Royaume-Uni renforcent leur coop\u00e9ration en mati\u00e8re de d\u00e9fense."},"content":{"rendered":"<p> Selon <a class=\"data-link\" data-org-href=\"https:\/\/www.vietnam.vn\/authors\/mod-gov-vn\" href=\"https:\/\/www.vietnam.vn\/authors\/mod-gov-vn\" title=\"minist\u00e8re de la D\u00e9fense\" target=\"_blank\" rel=\"nofollow noopener\">le minist\u00e8re de la D\u00e9fense nationale<\/a> , lors de la r\u00e9union, le g\u00e9n\u00e9ral Phan Van Giang a exprim\u00e9 sa satisfaction quant au d\u00e9veloppement des relations entre le Vietnam et le Royaume-Uni au cours des 50 derni\u00e8res ann\u00e9es, depuis l&rsquo;\u00e9tablissement des relations diplomatiques entre les deux pays en 1973. Les relations entre les deux pays se sont toujours renforc\u00e9es et d\u00e9velopp\u00e9es sur la base du respect, de l&rsquo;\u00e9galit\u00e9 et de la compr\u00e9hension mutuelle, pour le bien des peuples des deux pays. <\/p>\n<p><img decoding=\"async\" loading=\"lazy\" data-author=\"\" src=\"https:\/\/www.europesays.com\/fr\/wp-content\/uploads\/2025\/10\/1761735515958_526658024814708185-17617311470261706158160.jpeg\" id=\"img_187065848205561856\" w=\"2412\" h=\"1674\" alt=\"Vi\u1ec7t Nam - Anh t\u0103ng c\u01b0\u1eddng h\u1ee3p t\u00e1c qu\u1ed1c ph\u00f2ng - \u1ea2nh 1.\" title=\"\" rel=\"lightbox\" photoid=\"187065848205561856\" data-original=\"https:\/\/images2.thanhnien.vn\/528068263637045248\/2025\/10\/29\/526658024814708185-17617311470261706158160.jpg\" type=\"photo\" style=\"max-width:100%;\" width=\"2412\" height=\"1674\" \/><\/p>\n<p data-placeholder=\"Nh\u1eadp ch\u00fa th\u00edch \u1ea3nh\" class=\"\"> Le g\u00e9n\u00e9ral Phan Van Giang et M. Vernon Coaker<\/p>\n<p data-placeholder=\"Nh\u1eadp t\u00e1c gi\u1ea3\" class=\"\"> PHOTO : Minist\u00e8re de la D\u00e9fense nationale<\/p>\n<p> Le g\u00e9n\u00e9ral Phan Van Giang a soulign\u00e9 que la visite officielle du secr\u00e9taire g\u00e9n\u00e9ral <a class=\"data-link\" data-org-href=\"https:\/\/www.vietnam.vn\/tag\/to-lam\" href=\"https:\/\/www.vietnam.vn\/tag\/to-lam\" title=\"\u00c0 Lam\" target=\"_blank\" rel=\"nofollow noopener\">To Lam<\/a> au Royaume-Uni rev\u00eatait une importance toute particuli\u00e8re, affirmant le respect et la priorit\u00e9 du Vietnam dans le d\u00e9veloppement de ses relations avec le Royaume-Uni dans tous les domaines de coop\u00e9ration, y compris la d\u00e9fense.<\/p>\n<p> Au cours de la p\u00e9riode \u00e9coul\u00e9e, la coop\u00e9ration en mati\u00e8re de d\u00e9fense entre le Vietnam et le Royaume-Uni a \u00e9t\u00e9 mise en \u0153uvre dans la bonne direction, conform\u00e9ment au m\u00e9morandum d&rsquo;entente sur la coop\u00e9ration bilat\u00e9rale en mati\u00e8re de d\u00e9fense sign\u00e9 en 2017 et approuv\u00e9 par les dirigeants des minist\u00e8res de la D\u00e9fense des deux pays, aboutissant \u00e0 de nombreux r\u00e9sultats positifs et remarquables dans des domaines tels que les \u00e9changes de d\u00e9l\u00e9gations, la formation, la s\u00e9curit\u00e9 maritime, l&rsquo;industrie de la d\u00e9fense et <a class=\"data-link\" data-org-href=\"https:\/\/www.vietnam.vn\/destination\/hoa-binh\" href=\"https:\/\/www.vietnam.vn\/destination\/hoa-binh\" title=\"paix\" target=\"_blank\" rel=\"nofollow noopener\">le maintien de la paix<\/a> des Nations Unies.<\/p>\n<p> Dans les prochains mois, le g\u00e9n\u00e9ral Phan Van Giang a sugg\u00e9r\u00e9 que les deux parties continuent de coordonner \u00e9troitement leurs efforts et de mettre en \u0153uvre efficacement les points cl\u00e9s, notamment en promouvant les \u00e9changes de d\u00e9l\u00e9gations \u00e0 tous les niveaux, en renfor\u00e7ant la coop\u00e9ration dans les domaines de la formation, de la marine, de l&rsquo;industrie de la d\u00e9fense et du maintien de la paix des Nations Unies, et en maintenant et en d\u00e9veloppant la coop\u00e9ration entre les instituts de recherche en mati\u00e8re de d\u00e9fense. <\/p>\n<p><img decoding=\"async\" loading=\"lazy\" data-author=\"\" src=\"https:\/\/www.europesays.com\/fr\/wp-content\/uploads\/2025\/10\/1761735517918_f16193964238cf669629-17617311687271645252944.jpeg\" id=\"img_187065894702211072\" w=\"2483\" h=\"1596\" alt=\"Vi\u1ec7t Nam - Anh t\u0103ng c\u01b0\u1eddng h\u1ee3p t\u00e1c qu\u1ed1c ph\u00f2ng - \u1ea2nh 2.\" title=\"\" rel=\"lightbox\" photoid=\"187065894702211072\" data-original=\"https:\/\/images2.thanhnien.vn\/528068263637045248\/2025\/10\/29\/f16193964238cf669629-17617311687271645252944.jpg\" type=\"photo\" style=\"max-width:100%;\" width=\"2483\" height=\"1596\" \/><\/p>\n<p data-placeholder=\"Nh\u1eadp ch\u00fa th\u00edch \u1ea3nh\" class=\"\"> Les d\u00e9l\u00e9gu\u00e9s \u00e0 la d\u00e9fense des deux pays ont pris une photo de groupe.<\/p>\n<p data-placeholder=\"Nh\u1eadp t\u00e1c gi\u1ea3\" class=\"\"> PHOTO : Minist\u00e8re de la D\u00e9fense nationale<\/p>\n<p> M. Phan Van Giang a affirm\u00e9 que le minist\u00e8re vietnamien de la D\u00e9fense nationale est pr\u00eat \u00e0 accueillir des soldats britanniques pour \u00e9tudier \u00e0 l&rsquo;Acad\u00e9mie des sciences militaires et suivre le cours officiel de d\u00e9fense internationale \u00e0 l&rsquo;Acad\u00e9mie de d\u00e9fense nationale.<\/p>\n<p> Par ailleurs, en 2026, le minist\u00e8re vietnamien de la D\u00e9fense nationale organisera le 3e Salon international de la d\u00e9fense du Vietnam, esp\u00e9rant que le minist\u00e8re britannique de la D\u00e9fense continuera \u00e0 apporter son soutien et \u00e0 envoyer une d\u00e9l\u00e9gation de repr\u00e9sentants officiels et d&rsquo;entreprises du secteur de la d\u00e9fense pour participer \u00e0 cet \u00e9v\u00e9nement.<\/p>\n<p> Par ailleurs, M. Vernon Coaker a soulign\u00e9 que le Vietnam est un partenaire important du Royaume-Uni en mati\u00e8re de coop\u00e9ration de d\u00e9fense. L&rsquo;\u00e9change d&rsquo;exp\u00e9riences, en particulier, constitue un axe prioritaire que le Royaume-Uni souhaite promouvoir.<\/p>\n<p> M. Vernon Coaker a affirm\u00e9 qu&rsquo;il redoublerait d&rsquo;efforts pour contribuer \u00e0 promouvoir les relations entre le Vietnam et le Royaume-Uni en g\u00e9n\u00e9ral, et la coop\u00e9ration entre les minist\u00e8res de la D\u00e9fense des deux pays en particulier, afin de la d\u00e9velopper de mani\u00e8re toujours plus efficace. <\/p>\n<p>Source : https:\/\/thanhnien.vn\/viet-nam-anh-tang-cuong-hop-tac-quoc-phong-185251029165239209.htm<\/p>\n","protected":false},"excerpt":{"rendered":"Selon le minist\u00e8re de la D\u00e9fense nationale , lors de la r\u00e9union, le g\u00e9n\u00e9ral Phan Van Giang a&hellip;\n","protected":false},"author":2,"featured_media":497594,"comment_status":"","ping_status":"","sticky":false,"template":"","format":"standard","meta":{"footnotes":""},"categories":[1588],"tags":[11,1777,674,61374,62016,12,473,1853,17058,1851,1850,1852,951],"class_list":{"0":"post-497593","1":"post","2":"type-post","3":"status-publish","4":"format-standard","5":"has-post-thumbnail","7":"category-royaume-uni","8":"tag-actualites","9":"tag-eu","10":"tag-europe","11":"tag-frere-aine","12":"tag-general-phan-van-giang","13":"tag-news","14":"tag-royaume-uni","15":"tag-royaume-uni-de-grande-bretagne-et-dirlande-du-nord","16":"tag-secretaire-general-to-lam","17":"tag-uk","18":"tag-united-kingdom","19":"tag-united-kingdom-of-great-britain-and-northern-ireland","20":"tag-vietnam"},"share_on_mastodon":{"url":"https:\/\/pubeurope.com\/@fr\/115457242929503040","error":""},"_links":{"self":[{"href":"https:\/\/www.europesays.com\/fr\/wp-json\/wp\/v2\/posts\/497593","targetHints":{"allow":["GET"]}}],"collection":[{"href":"https:\/\/www.europesays.com\/fr\/wp-json\/wp\/v2\/posts"}],"about":[{"href":"https:\/\/www.europesays.com\/fr\/wp-json\/wp\/v2\/types\/post"}],"author":[{"embeddable":true,"href":"https:\/\/www.europesays.com\/fr\/wp-json\/wp\/v2\/users\/2"}],"replies":[{"embeddable":true,"href":"https:\/\/www.europesays.com\/fr\/wp-json\/wp\/v2\/comments?post=497593"}],"version-history":[{"count":0,"href":"https:\/\/www.europesays.com\/fr\/wp-json\/wp\/v2\/posts\/497593\/revisions"}],"wp:featuredmedia":[{"embeddable":true,"href":"https:\/\/www.europesays.com\/fr\/wp-json\/wp\/v2\/media\/497594"}],"wp:attachment":[{"href":"https:\/\/www.europesays.com\/fr\/wp-json\/wp\/v2\/media?parent=497593"}],"wp:term":[{"taxonomy":"category","embeddable":true,"href":"https:\/\/www.europesays.com\/fr\/wp-json\/wp\/v2\/categories?post=497593"},{"taxonomy":"post_tag","embeddable":true,"href":"https:\/\/www.europesays.com\/fr\/wp-json\/wp\/v2\/tags?post=497593"}],"curies":[{"name":"wp","href":"https:\/\/api.w.org\/{rel}","templated":true}]}}