{"id":497606,"date":"2025-10-29T11:40:14","date_gmt":"2025-10-29T11:40:14","guid":{"rendered":"https:\/\/www.europesays.com\/fr\/497606\/"},"modified":"2025-10-29T11:40:14","modified_gmt":"2025-10-29T11:40:14","slug":"golf-coupe-des-jardiniers-a-autun-golf-club","status":"publish","type":"post","link":"https:\/\/www.europesays.com\/fr\/497606\/","title":{"rendered":"GOLF : Coupe des jardiniers \u00e0 Autun Golf Club"},"content":{"rendered":"<p><img decoding=\"async\" class=\"newsFullImg  newsFullImgReduced  \" src=\"https:\/\/www.europesays.com\/fr\/wp-content\/uploads\/2025\/10\/99879_1_full.jpg\"\/><\/p>\n<p>La Coupe des jardiniers se pratique dans de nombreux golfs, dans le but de remercier le personnel qui entretient le terrain tout au long de l&rsquo;ann\u00e9e, lors d&rsquo;une comp\u00e9tition ludique et amicale.<\/p>\n<p>Guillaume Lucas, greenkeeper non-golfeur et Vincent Michel, jardinier et golfeur ont particip\u00e9 et excus\u00e9 leur coll\u00e8gue Antoine Pageaux.<\/p>\n<p>24 participants ont pris le d\u00e9part en Shotgun \u00e0 13h pour 11 trous en scramble \u00e0 trois, formule amicale qui donne 3 chances de r\u00e9ussite \u00e0 chaque coup et permet de r\u00e9aliser de bons scores.<\/p>\n<p>Pierre Rocamora, Vincent Michel et Guillaume Lucas gagnent le net avec 26 points stableford\u00a0<\/p>\n<p>Laurence Bohy, Aliz\u00e9e Bohy et Fran\u00e7ois Rousselin ont jou\u00e9 dans le par et remportent le brut<\/p>\n<p>et les trois \u00e9quipes suivantes ont jou\u00e9 + 1!<\/p>\n<p>L&rsquo;association sportive a offert les droits de jeu aux jardiniers autour du pot de l&rsquo;amiti\u00e9.<\/p>\n<p>Les golfeurs ont remerci\u00e9 Guillaume, Vincent et Antoine pour leur travail tout au long de la saison, et la commission sportive pr\u00e9voit de les rencontrer r\u00e9guli\u00e8rement pour \u00e9changer \u00e0 propos du terrain.<\/p>\n<p>D\u00e9sormais, sur le site <a href=\"http:\/\/www.golfautun.fr\" rel=\"nofollow noopener\" target=\"_blank\">www.golfautun.fr<\/a> , \u00a0\u00bb L&rsquo;espace des jardiniers \u00a0\u00bb leur est r\u00e9serv\u00e9 et permet \u00e0 tous de suivre les \u00e9tapes de leur travail avec images et explications techniques.<\/p>\n<p>Chaque dimanche de novembre, une comp\u00e9tition amicale sera propos\u00e9e en fonction de la m\u00e9t\u00e9o. Et le 6 d\u00e9cembre, Autun Golf Club proposera un challenge ouvert \u00e0 tous pour le t\u00e9l\u00e9thon.<\/p>\n<p>\t\t\t\t\t\t\t<\/p>\n","protected":false},"excerpt":{"rendered":"La Coupe des jardiniers se pratique dans de nombreux golfs, dans le but de remercier le personnel qui&hellip;\n","protected":false},"author":2,"featured_media":497607,"comment_status":"","ping_status":"","sticky":false,"template":"","format":"standard","meta":{"footnotes":""},"categories":[1418],"tags":[1011,27,1472,60],"class_list":{"0":"post-497606","1":"post","2":"type-post","3":"status-publish","4":"format-standard","5":"has-post-thumbnail","7":"category-golf","8":"tag-fr","9":"tag-france","10":"tag-golf","11":"tag-sports"},"share_on_mastodon":{"url":"https:\/\/pubeurope.com\/@fr\/115457270151873911","error":""},"_links":{"self":[{"href":"https:\/\/www.europesays.com\/fr\/wp-json\/wp\/v2\/posts\/497606","targetHints":{"allow":["GET"]}}],"collection":[{"href":"https:\/\/www.europesays.com\/fr\/wp-json\/wp\/v2\/posts"}],"about":[{"href":"https:\/\/www.europesays.com\/fr\/wp-json\/wp\/v2\/types\/post"}],"author":[{"embeddable":true,"href":"https:\/\/www.europesays.com\/fr\/wp-json\/wp\/v2\/users\/2"}],"replies":[{"embeddable":true,"href":"https:\/\/www.europesays.com\/fr\/wp-json\/wp\/v2\/comments?post=497606"}],"version-history":[{"count":0,"href":"https:\/\/www.europesays.com\/fr\/wp-json\/wp\/v2\/posts\/497606\/revisions"}],"wp:featuredmedia":[{"embeddable":true,"href":"https:\/\/www.europesays.com\/fr\/wp-json\/wp\/v2\/media\/497607"}],"wp:attachment":[{"href":"https:\/\/www.europesays.com\/fr\/wp-json\/wp\/v2\/media?parent=497606"}],"wp:term":[{"taxonomy":"category","embeddable":true,"href":"https:\/\/www.europesays.com\/fr\/wp-json\/wp\/v2\/categories?post=497606"},{"taxonomy":"post_tag","embeddable":true,"href":"https:\/\/www.europesays.com\/fr\/wp-json\/wp\/v2\/tags?post=497606"}],"curies":[{"name":"wp","href":"https:\/\/api.w.org\/{rel}","templated":true}]}}