{"id":497610,"date":"2025-10-29T11:43:09","date_gmt":"2025-10-29T11:43:09","guid":{"rendered":"https:\/\/www.europesays.com\/fr\/497610\/"},"modified":"2025-10-29T11:43:09","modified_gmt":"2025-10-29T11:43:09","slug":"arthur-rinderknech-valentin-vacherot-atp-1000-rolex-paris-masters-deuxieme-tour-mercredi-29-octobre-2025-lequipe","status":"publish","type":"post","link":"https:\/\/www.europesays.com\/fr\/497610\/","title":{"rendered":"Arthur Rinderknech &#8211; Valentin Vacherot, ATP 1000, Rolex Paris Masters, Deuxi\u00e8me tour, Mercredi 29 octobre 2025 &#8211; L&#039;\u00c9quipe"},"content":{"rendered":"<ol>\n<li><a href=\"https:\/\/news.google.com\/rss\/articles\/CBMi4AFBVV95cUxOeGFXOTQ4V2pNOElyYllQZjVoSEplZzRZTVFWcTRCZnlFeG1xek1IdmFSZ0txclpmNFgyYU03UjdHNldqcFN3SlJaTmQ1VXZnNGdhaGxhSzBjNHJhZEhWY1hsOF9pS21CQU9JWjJ2Y2VfZmFBc2xnVmY3QzlFMmVBMkxJczl1TWRyOFpGbTJQSG5tOVlHRHlSMjlxYXE4VXhRSmxvTGJOTm1IOHRZTUNZbVlNNkhxTlJvUGt3NG02VDJSLW1WOUFHV3NHeXdCNTNvZHNKZXV0cGltdWs1SzgxVQ?oc=5\" target=\"_blank\" rel=\"nofollow noopener\">Arthur Rinderknech &#8211; Valentin Vacherot, ATP 1000, Rolex Paris Masters, Deuxi\u00e8me tour, Mercredi 29 octobre 2025<\/a>&nbsp;&nbsp;L&rsquo;\u00c9quipe<\/li>\n<li><a href=\"https:\/\/news.google.com\/rss\/articles\/CBMijgFBVV95cUxPa1Z0aHpiTUhOdFVfeU8yMkJQZU8xZmpVZFJYb2pvU25qcU5lZldPRDBrZ2F1TjZ1SXVDX0QxYW1CbXpBNmJNY1VMN3lmWWxDM3Q3VmVwQmRyZlBTeGExTzZLbWh4eFlwckdKcFVFeFJxOWVraTNaRTBzU3gyWktZLXJaX2pkekxyTnhpcDRB?oc=5\" target=\"_blank\" rel=\"nofollow noopener\">Rolex Paris Masters : une cousinade acte II et un duel d&rsquo;artistes<\/a>&nbsp;&nbsp;F\u00e9d\u00e9ration Fran\u00e7aise de Tennis<\/li>\n<li><a href=\"https:\/\/news.google.com\/rss\/articles\/CBMiuwFBVV95cUxNeGhoTkFJc3pDOUhUTGhhV1NVQXBWRHA3Qy1GVFExc3NmSmRheFNBdEJnUF94bGlsZm1EX1pWYTNNcXpIVU1iZlNkVEpxWEcybEpOamFxZ1NnUGhLeS1NQkRIUjZnUmRkN1VBOXprcEpKb1hHTC1vdEJGZDZKSHAtYmxrQUNfNTdneHBCQm9FNXFPd3FyM3JZY0h5YWNVVXI5YWxsVXNpZzJSRlAtSmpsb1RSSjdJdmxlR0g4?oc=5\" target=\"_blank\" rel=\"nofollow noopener\">Comment voir le match de Rinderknech &#8211; Vacherot au Rolex Paris Masters<\/a>&nbsp;&nbsp;20 Minutes<\/li>\n<li><a href=\"https:\/\/news.google.com\/rss\/articles\/CBMilwJBVV95cUxOYzh3Y1B2NWpmdG0zS3RRTnFVZXZ1aUFZREgxSldsZFo3bERHclM1ZU5aNHE0LTZkUXI5X2J3UDdfTEhsYWl2NTEtVXBVTm11MU9HS0tTZjlTVWlILUcwbkpvRUk3TkxPTmQxWnhuTndrN1ZNN1NUeFd3c0thNzlsNmIyWjFnaUFnYVFRR21wZzFoTVUzTndwZjU3OXR4UzhiR1BZN3VQUHpzZFMyUEhOaGF2cW9UaFAtMWdqYWZnckk4aF8wM09jRUZLRDlHMHNsM1F6STB6ZFVSTWw0b1VzbVZEYXFDVDkxc3BTLWFqczBzUXZLQWVWYlJ0OWxXRXBPM0hKZVJDRGJGVDZRUnkwdFE1aTVvOXc?oc=5\" target=\"_blank\" rel=\"nofollow noopener\">A Paris, Valentin Vacherot confirme son nouveau statut au sein du gotha du tennis mondial : \u00ab Je ne crois pas \u00eatre sur un nuage \u00bb<\/a>&nbsp;&nbsp;Le Monde.fr<\/li>\n<li><a href=\"https:\/\/news.google.com\/rss\/articles\/CBMijwJBVV95cUxQSTdfc3A5R25nMTFUVnAycjFTdHREX3FycUNTdkgtSmFnWUJzS3N5RUJtOURZUXgxNE05VjZ0VFAyeWFTODk3SWNITXAxYkk4U0M5UGc0QzNHR0FyRF9XTmpxbUQzcjcxQnU2ZlAzdmVYalMwZVlRcGdlN2JjdGg1NWxkSnV1QVd3dDZfRDlycjg3ZHdoZHE5WTRKZ1NXQ2JRVW9tbk9BeWVxRlZKc2dnX0h4aXo4a0dLZE1lb1NuU0l2YTNhNzlaN2d0WUsxZV9ZZnpfZVZIci1Ya3BIZEZGbVRpaG5fZFJPRWpreFpaUHFka0h3X3FyM014cGxHdVNScTRtdUU0aXJtem1BYlI0?oc=5\" target=\"_blank\" rel=\"nofollow noopener\">DIRECT. Vacherot &#8211; Rinderknech : le Fran\u00e7ais se rassure face au Mon\u00e9gasque<\/a>&nbsp;&nbsp;Ouest-France<\/li>\n<\/ol>\n","protected":false},"excerpt":{"rendered":"Arthur Rinderknech &#8211; Valentin Vacherot, ATP 1000, Rolex Paris Masters, Deuxi\u00e8me tour, Mercredi 29 octobre 2025&nbsp;&nbsp;L&rsquo;\u00c9quipe Rolex Paris&hellip;\n","protected":false},"author":2,"featured_media":492886,"comment_status":"","ping_status":"","sticky":false,"template":"","format":"standard","meta":{"footnotes":""},"categories":[1415],"tags":[1011,27,60,1467],"class_list":{"0":"post-497610","1":"post","2":"type-post","3":"status-publish","4":"format-standard","5":"has-post-thumbnail","7":"category-tennis","8":"tag-fr","9":"tag-france","10":"tag-sports","11":"tag-tennis"},"share_on_mastodon":{"url":"https:\/\/pubeurope.com\/@fr\/115457281387874373","error":""},"_links":{"self":[{"href":"https:\/\/www.europesays.com\/fr\/wp-json\/wp\/v2\/posts\/497610","targetHints":{"allow":["GET"]}}],"collection":[{"href":"https:\/\/www.europesays.com\/fr\/wp-json\/wp\/v2\/posts"}],"about":[{"href":"https:\/\/www.europesays.com\/fr\/wp-json\/wp\/v2\/types\/post"}],"author":[{"embeddable":true,"href":"https:\/\/www.europesays.com\/fr\/wp-json\/wp\/v2\/users\/2"}],"replies":[{"embeddable":true,"href":"https:\/\/www.europesays.com\/fr\/wp-json\/wp\/v2\/comments?post=497610"}],"version-history":[{"count":0,"href":"https:\/\/www.europesays.com\/fr\/wp-json\/wp\/v2\/posts\/497610\/revisions"}],"wp:featuredmedia":[{"embeddable":true,"href":"https:\/\/www.europesays.com\/fr\/wp-json\/wp\/v2\/media\/492886"}],"wp:attachment":[{"href":"https:\/\/www.europesays.com\/fr\/wp-json\/wp\/v2\/media?parent=497610"}],"wp:term":[{"taxonomy":"category","embeddable":true,"href":"https:\/\/www.europesays.com\/fr\/wp-json\/wp\/v2\/categories?post=497610"},{"taxonomy":"post_tag","embeddable":true,"href":"https:\/\/www.europesays.com\/fr\/wp-json\/wp\/v2\/tags?post=497610"}],"curies":[{"name":"wp","href":"https:\/\/api.w.org\/{rel}","templated":true}]}}