{"id":497611,"date":"2025-10-29T11:47:11","date_gmt":"2025-10-29T11:47:11","guid":{"rendered":"https:\/\/www.europesays.com\/fr\/497611\/"},"modified":"2025-10-29T11:47:11","modified_gmt":"2025-10-29T11:47:11","slug":"le-championnat-de-suisse-2026-aura-lieu-en-romandie-actualite","status":"publish","type":"post","link":"https:\/\/www.europesays.com\/fr\/497611\/","title":{"rendered":"Le Championnat de Suisse 2026 aura lieu en Romandie &#8211; Actualit\u00e9"},"content":{"rendered":"<p style=\"text-align: justify;\">Pour la premi\u00e8re fois, le Championnat de Suisse sur route aura lieu dans le canton du Jura, en Romandie. En 2026, l&rsquo;\u00e9v\u00e9nement se tiendra du 25 au 28 juin \u00e0 Court\u00e9telle et Develier, dans le district de Del\u00e9mont. Pour la course en ligne, les coureurs auront \u00e0 faire un circuit de 17,05 kilom\u00e8tres, avec un d\u00e9nivel\u00e9 positif de 285 m\u00e8tres. Les \u00c9lites Hommes devront le parcourir \u00e0 onze reprises.<\/p>\n<p>\u201cPour moi, c\u2019est un parcours magnifique que j\u2019identifie un peu aux Flandriennes. C\u2019est un parcours casse-pattes, technique et qui rendra la course tr\u00e8s int\u00e9ressante au niveau tactique aussi\u201d, a indiqu\u00e9 St\u00e9phane Joliat, membre du comit\u00e9 d\u2019organisation, \u00e0<strong> <a href=\"https:\/\/www.rfj.ch\/Scripts\/Index.aspx?id=9375448&amp;fbclid=IwY2xjawNuwdJleHRuA2FlbQIxMABicmlkETFwUFMzekU0d3FTNTZVaTNpAR4bKYLIWrv2wVUXadoe54LLqwaiI3W7Ft-8gbkH0oGHCdUBtkMtEvtD1IEyUA_aem_OpFwHrJxk3mzFxNxD1G4YA&amp;brid=YWoY_AfY7AkVgI9IROlg_g\" target=\"_blank\" rel=\"noopener\">RFJ.ch<\/a><\/strong>.<\/p>\n<p>En 2025, \u00e0 Fischingen (Thurgovie), Mauro Schmid (Team Jayco-AlUla) <strong><a href=\"https:\/\/www.directvelo.com\/actualite\/121848\/championnat-de-suisse-elite-hommes-classement\" target=\"_blank\" rel=\"noopener\">s\u2019\u00e9tait impos\u00e9 pour la deuxi\u00e8me fois de suite chez les \u00c9lites Hommes<\/a><\/strong>, alors que <strong><a href=\"https:\/\/www.directvelo.com\/epreuve\/47400\/championnat-de-suisse-femmes-2025\" target=\"_blank\" rel=\"noopener\">la victoire \u00e9tait revenue \u00e0 Steffi H\u00e4berlin (Team SD Worx-Protime) chez les \u00c9lites Femmes<\/a><\/strong>.<\/p>\n","protected":false},"excerpt":{"rendered":"Pour la premi\u00e8re fois, le Championnat de Suisse sur route aura lieu dans le canton du Jura, en&hellip;\n","protected":false},"author":2,"featured_media":497612,"comment_status":"","ping_status":"","sticky":false,"template":"","format":"standard","meta":{"footnotes":""},"categories":[1411],"tags":[834,828,836,829,837,827,83,826,824,823,1154,207,814,817,815,816,822,821,832,211,839,1011,27,820,818,819,835,831,830,833,838,60,212,208,825],"class_list":{"0":"post-497611","1":"post","2":"type-post","3":"status-publish","4":"format-standard","5":"has-post-thumbnail","7":"category-cyclisme","8":"tag-attaque","9":"tag-belgique","10":"tag-braquet","11":"tag-bretagne","12":"tag-chute","13":"tag-competition","14":"tag-coupe-de-france","15":"tag-coureur","16":"tag-course-cyclisme","17":"tag-course-cycliste","18":"tag-cycling","19":"tag-cyclisme","20":"tag-direct","21":"tag-direct-velo","22":"tag-directvelo","23":"tag-directvelo-com","24":"tag-epreuve","25":"tag-epreuve-cycliste","26":"tag-federation-francaise-de-cyclisme","27":"tag-ffc","28":"tag-flandres","29":"tag-fr","30":"tag-france","31":"tag-live","32":"tag-live-course","33":"tag-live-epreuve","34":"tag-peloton","35":"tag-radio-peloton","36":"tag-radio-tour","37":"tag-ravitaillement","38":"tag-relance","39":"tag-sports","40":"tag-uci","41":"tag-velo","42":"tag-velos"},"share_on_mastodon":{"url":"https:\/\/pubeurope.com\/@fr\/115457297286873771","error":""},"_links":{"self":[{"href":"https:\/\/www.europesays.com\/fr\/wp-json\/wp\/v2\/posts\/497611","targetHints":{"allow":["GET"]}}],"collection":[{"href":"https:\/\/www.europesays.com\/fr\/wp-json\/wp\/v2\/posts"}],"about":[{"href":"https:\/\/www.europesays.com\/fr\/wp-json\/wp\/v2\/types\/post"}],"author":[{"embeddable":true,"href":"https:\/\/www.europesays.com\/fr\/wp-json\/wp\/v2\/users\/2"}],"replies":[{"embeddable":true,"href":"https:\/\/www.europesays.com\/fr\/wp-json\/wp\/v2\/comments?post=497611"}],"version-history":[{"count":0,"href":"https:\/\/www.europesays.com\/fr\/wp-json\/wp\/v2\/posts\/497611\/revisions"}],"wp:featuredmedia":[{"embeddable":true,"href":"https:\/\/www.europesays.com\/fr\/wp-json\/wp\/v2\/media\/497612"}],"wp:attachment":[{"href":"https:\/\/www.europesays.com\/fr\/wp-json\/wp\/v2\/media?parent=497611"}],"wp:term":[{"taxonomy":"category","embeddable":true,"href":"https:\/\/www.europesays.com\/fr\/wp-json\/wp\/v2\/categories?post=497611"},{"taxonomy":"post_tag","embeddable":true,"href":"https:\/\/www.europesays.com\/fr\/wp-json\/wp\/v2\/tags?post=497611"}],"curies":[{"name":"wp","href":"https:\/\/api.w.org\/{rel}","templated":true}]}}