{"id":497614,"date":"2025-10-29T11:49:11","date_gmt":"2025-10-29T11:49:11","guid":{"rendered":"https:\/\/www.europesays.com\/fr\/497614\/"},"modified":"2025-10-29T11:49:11","modified_gmt":"2025-10-29T11:49:11","slug":"brigitte-macron-ebranlee-par-la-rumeur-ses-petits-enfants-premieres-cibles","status":"publish","type":"post","link":"https:\/\/www.europesays.com\/fr\/497614\/","title":{"rendered":"Brigitte Macron, \u00e9branl\u00e9e par la rumeur\u00a0: ses petits-enfants premi\u00e8res cibles"},"content":{"rendered":"<p><strong>Blessure intime<\/strong>. Depuis ce 27 octobre, le tribunal correctionnel de Paris juge 10 personnes accus\u00e9es d&rsquo;avoir particip\u00e9 \u00e0 une campagne de cyberharc\u00e8lement autour du genre de <a href=\"https:\/\/www.journaldesfemmes.fr\/people\/personnalites\/2559562-brigitte-macron\/\" title=\"Brigitte Trogneux\" rel=\"nofollow noopener\" target=\"_blank\">Brigitte Macron<\/a>. R\u00e9pandue il y a 5 ans, cette rumeur autour de la premi\u00e8re dame qui serait en r\u00e9alit\u00e9 un homme a profond\u00e9ment affect\u00e9 l&rsquo;\u00e9pouse d&rsquo;Emmanuel Macron et ses proches. \u00ab\u00a0Quand ses petits-enfants entendent dans la cour de r\u00e9cr\u00e9ation\u00a0: \u00ab\u00a0\u00c9coute, ta grand-m\u00e8re, c&rsquo;est pas ta grand-m\u00e8re, c&rsquo;est un grand-p\u00e8re\u00a0\u00bb, elle est touch\u00e9e, elle est meurtrie\u00a0\u00bb, a, en effet, expliqu\u00e9\u00a0Tristan Bromet,\u00a0le directeur de cabinet de Brigitte Macron, dans l&rsquo;enqu\u00eate Ligne Rouge de BFM TV intitul\u00e9e Histoire d&rsquo;une fausse information, l&rsquo;affaire Brigitte Macron.\u00a0<\/p>\n","protected":false},"excerpt":{"rendered":"Blessure intime. Depuis ce 27 octobre, le tribunal correctionnel de Paris juge 10 personnes accus\u00e9es d&rsquo;avoir particip\u00e9 \u00e0&hellip;\n","protected":false},"author":2,"featured_media":497615,"comment_status":"","ping_status":"","sticky":false,"template":"","format":"standard","meta":{"footnotes":""},"categories":[1359],"tags":[986,62017,51761,58,59,52292,1011,27,51766,1031,973],"class_list":{"0":"post-497614","1":"post","2":"type-post","3":"status-publish","4":"format-standard","5":"has-post-thumbnail","7":"category-people","8":"tag-brigitte-macron","9":"tag-cms-journaldesfemmes-3245628","10":"tag-controller-content","11":"tag-divertissement","12":"tag-entertainment","13":"tag-format-reportage","14":"tag-fr","15":"tag-france","16":"tag-les-histoires-du-jdf","17":"tag-magazine","18":"tag-people"},"share_on_mastodon":{"url":"https:\/\/pubeurope.com\/@fr\/115457305169047144","error":""},"_links":{"self":[{"href":"https:\/\/www.europesays.com\/fr\/wp-json\/wp\/v2\/posts\/497614","targetHints":{"allow":["GET"]}}],"collection":[{"href":"https:\/\/www.europesays.com\/fr\/wp-json\/wp\/v2\/posts"}],"about":[{"href":"https:\/\/www.europesays.com\/fr\/wp-json\/wp\/v2\/types\/post"}],"author":[{"embeddable":true,"href":"https:\/\/www.europesays.com\/fr\/wp-json\/wp\/v2\/users\/2"}],"replies":[{"embeddable":true,"href":"https:\/\/www.europesays.com\/fr\/wp-json\/wp\/v2\/comments?post=497614"}],"version-history":[{"count":0,"href":"https:\/\/www.europesays.com\/fr\/wp-json\/wp\/v2\/posts\/497614\/revisions"}],"wp:featuredmedia":[{"embeddable":true,"href":"https:\/\/www.europesays.com\/fr\/wp-json\/wp\/v2\/media\/497615"}],"wp:attachment":[{"href":"https:\/\/www.europesays.com\/fr\/wp-json\/wp\/v2\/media?parent=497614"}],"wp:term":[{"taxonomy":"category","embeddable":true,"href":"https:\/\/www.europesays.com\/fr\/wp-json\/wp\/v2\/categories?post=497614"},{"taxonomy":"post_tag","embeddable":true,"href":"https:\/\/www.europesays.com\/fr\/wp-json\/wp\/v2\/tags?post=497614"}],"curies":[{"name":"wp","href":"https:\/\/api.w.org\/{rel}","templated":true}]}}