{"id":497620,"date":"2025-10-29T11:53:13","date_gmt":"2025-10-29T11:53:13","guid":{"rendered":"https:\/\/www.europesays.com\/fr\/497620\/"},"modified":"2025-10-29T11:53:13","modified_gmt":"2025-10-29T11:53:13","slug":"natasha-st-pier-decidee-je-veux-pouvoir-voter","status":"publish","type":"post","link":"https:\/\/www.europesays.com\/fr\/497620\/","title":{"rendered":"Natasha St-Pier, d\u00e9cid\u00e9e\u00a0: \u00ab\u00a0je veux pouvoir voter\u00a0\u00bb"},"content":{"rendered":"<p>            <a href=\"https:\/\/www.journaldesfemmes.fr\/people\/magazine\/3245420-la-semaine-des-stars-actu-people-france-octobre-carla-bruni-atteinte-psychologiquement-helene-segara-fachee\/3245502-isabelle-morizet\" class=\"app_button_nav_prev jMiddlePreviousButton\" rel=\"nofollow noopener\" target=\"_blank\"><\/a><a href=\"https:\/\/www.journaldesfemmes.fr\/people\/magazine\/3245420-la-semaine-des-stars-actu-people-france-octobre-carla-bruni-atteinte-psychologiquement-helene-segara-fachee\/3245672-nicolas-sarkozy\" class=\"app_button_nav_next jMiddleNextButton\" rel=\"nofollow noopener\" target=\"_blank\"><\/a><\/p>\n<p>                <img loading=\"lazy\" decoding=\"async\" src=\"https:\/\/www.europesays.com\/fr\/wp-content\/uploads\/2025\/10\/40051910.jpeg\" alt=\"\" width=\"250\" height=\"458\"\/><br \/>\n            <a href=\"https:\/\/img-3.journaldesfemmes.fr\/nZxLwRQvRRbrK7N-N2OEmUATibk=\/622x\/smart\/8f31edf2cc314b21aab7d15525e257c8\/ccmcms-jdf\/40051910.jpeg\" class=\"fancy app_btn_1 app_btn--ico\" rel=\"nofollow noopener\" target=\"_blank\"><\/a>Natasha St-Pier \u00a9\u00a0CHRISTOPHE SAIDI\/SIPA    <\/p>\n<p><strong>D\u00e9sir profond.<\/strong> N\u00e9e au Canada, Natasha St-Pier aimerait devenir fran\u00e7aise et a fait des d\u00e9marches pour acqu\u00e9rir la nationalit\u00e9. \u00ab\u00a0Je vis ici, je contribue \u00e0 ce pays et je voulais pouvoir aller jusqu&rsquo;au bout, c&rsquo;est-\u00e0-dire m&rsquo;impliquer plus, de pouvoir voter, de pouvoir exister pleinement au-del\u00e0 de juste payer mes imp\u00f4ts\u00a0\u00bb, a confi\u00e9 la chanteuse de 44 ans sur Europe 1.\u00a0<\/p>\n","protected":false},"excerpt":{"rendered":"Natasha St-Pier \u00a9\u00a0CHRISTOPHE SAIDI\/SIPA D\u00e9sir profond. N\u00e9e au Canada, Natasha St-Pier aimerait devenir fran\u00e7aise et a fait des&hellip;\n","protected":false},"author":2,"featured_media":497621,"comment_status":"","ping_status":"","sticky":false,"template":"","format":"standard","meta":{"footnotes":""},"categories":[1355],"tags":[62018,51761,58,59,52292,1011,27,51766,1031,1361,873],"class_list":{"0":"post-497620","1":"post","2":"type-post","3":"status-publish","4":"format-standard","5":"has-post-thumbnail","7":"category-musique","8":"tag-cms-journaldesfemmes-3245616","9":"tag-controller-content","10":"tag-divertissement","11":"tag-entertainment","12":"tag-format-reportage","13":"tag-fr","14":"tag-france","15":"tag-les-histoires-du-jdf","16":"tag-magazine","17":"tag-music","18":"tag-musique"},"share_on_mastodon":{"url":"https:\/\/pubeurope.com\/@fr\/115457321371406268","error":""},"_links":{"self":[{"href":"https:\/\/www.europesays.com\/fr\/wp-json\/wp\/v2\/posts\/497620","targetHints":{"allow":["GET"]}}],"collection":[{"href":"https:\/\/www.europesays.com\/fr\/wp-json\/wp\/v2\/posts"}],"about":[{"href":"https:\/\/www.europesays.com\/fr\/wp-json\/wp\/v2\/types\/post"}],"author":[{"embeddable":true,"href":"https:\/\/www.europesays.com\/fr\/wp-json\/wp\/v2\/users\/2"}],"replies":[{"embeddable":true,"href":"https:\/\/www.europesays.com\/fr\/wp-json\/wp\/v2\/comments?post=497620"}],"version-history":[{"count":0,"href":"https:\/\/www.europesays.com\/fr\/wp-json\/wp\/v2\/posts\/497620\/revisions"}],"wp:featuredmedia":[{"embeddable":true,"href":"https:\/\/www.europesays.com\/fr\/wp-json\/wp\/v2\/media\/497621"}],"wp:attachment":[{"href":"https:\/\/www.europesays.com\/fr\/wp-json\/wp\/v2\/media?parent=497620"}],"wp:term":[{"taxonomy":"category","embeddable":true,"href":"https:\/\/www.europesays.com\/fr\/wp-json\/wp\/v2\/categories?post=497620"},{"taxonomy":"post_tag","embeddable":true,"href":"https:\/\/www.europesays.com\/fr\/wp-json\/wp\/v2\/tags?post=497620"}],"curies":[{"name":"wp","href":"https:\/\/api.w.org\/{rel}","templated":true}]}}