{"id":497626,"date":"2025-10-29T11:56:19","date_gmt":"2025-10-29T11:56:19","guid":{"rendered":"https:\/\/www.europesays.com\/fr\/497626\/"},"modified":"2025-10-29T11:56:19","modified_gmt":"2025-10-29T11:56:19","slug":"a-quelle-heure-et-sur-quelle-chaine-voir-le-match-3","status":"publish","type":"post","link":"https:\/\/www.europesays.com\/fr\/497626\/","title":{"rendered":"\u00e0 quelle heure et sur quelle cha\u00eene voir le match ?"},"content":{"rendered":"<p>L&rsquo;optimisme b\u00e9at, qui r\u00e9gnait un peu partout \u00e0 Marseille il y a encore une semaine, est un peu douch\u00e9. Alors que tout le monde, les supporters les premiers, s&rsquo;imaginaient en concurrent num\u00e9ro 1 du PSG pour le titre tout en vivant une belle aventure europ\u00e9enne en Ligue des champions, apr\u00e8s cinq victoires d&rsquo;affil\u00e9e (PSG, Strasbourg, Ajax, Metz, Le Havre), les deux revers subis en quatre jours, d&rsquo;abord <a href=\"https:\/\/www.laprovence.com\/article\/om\/160991611682214\/sporting-om-2-1-les-olympiens-ne-rapportent-que-des-regrets-de-lisbonne\" target=\"_blank\" rel=\"nofollow noopener\">\u00e0 Lisbonne (2-1)<\/a> puis <a href=\"https:\/\/www.laprovence.com\/article\/om\/4191908110784814\/lens-om-2-1-les-olympiens-ont-lart-de-se-tirer-une-balle-dans-le-pied\" target=\"_blank\" rel=\"nofollow noopener\">\u00e0 Lens (2-1)<\/a>, ont refroidi l&rsquo;ambiance.<\/p>\n<p><a href=\"https:\/\/www.laprovence.com\/article\/om\/491556324357314\/om-apres-deux-defaites-lheure-est-a-la-dedramatisation\" target=\"_blank\" rel=\"nofollow noopener\">L&rsquo;OM s&rsquo;est attach\u00e9 \u00e0 d\u00e9dramatiser<\/a>, pointant surtout les bonnes choses sans s&rsquo;appesantir sur <a href=\"https:\/\/www.laprovence.com\/article\/om\/2366162903934914\/lens-om-2-1-un-penalty-provoque-et-un-but-contre-son-camp-nouveau-cauchemar-pour-benjamin-pavard\" target=\"_blank\" rel=\"nofollow noopener\">les erreurs individuelles<\/a> qui ont \u00e9maill\u00e9 les deux rencontres, mais la r\u00e9ception d&rsquo;Angers, ce mercredi soir au V\u00e9lodrome, devient une rencontre d&rsquo;autant plus importante <a href=\"https:\/\/www.laprovence.com\/article\/om\/22575198455567\/om-angers-apres-deux-defaites-consecutives-cest-lheure-du-rebond-pour-les-olympiens\" target=\"_blank\" rel=\"nofollow noopener\">pour se remettre la t\u00eate \u00e0 l&rsquo;endroit<\/a>. Dans leur stade V\u00e9lodrome \u00e9videmment plein \u00e0 craquer, comme d&rsquo;habitude, les Olympiens sont \u00e0 l&rsquo;aise, toujours invaincus cette saison (5 victoires) tout en ayant inscrit la bagatelle de 20 buts.<\/p>\n<p>Il faudra faire cette fois avec <a href=\"https:\/\/www.laprovence.com\/article\/om\/4292732842883914\/om-balerdi-sajoute-a-la-liste-des-absents-contre-angers\" target=\"_blank\" rel=\"nofollow noopener\">une cascade d&rsquo;absents qui commence \u00e0 devenir g\u00eanante<\/a> (Gouiri, Medina, Kondogbia, Traor\u00e9, Balerdi et Weah), alors que l&rsquo;encha\u00eenement des matches se fait sentir. Cette journ\u00e9e de Ligue 1 plac\u00e9e en semaine n&rsquo;est pas forc\u00e9ment la meilleure nouvelle, mais au moins permet-elle d&rsquo;avoir l&rsquo;opportunit\u00e9 de rebondir rapidement.<\/p>\n<p>Le coup d&rsquo;envoi sera donn\u00e9 \u00e0\u00a0<strong>21h05<\/strong> sur la pelouse du V\u00e9lodrome, et la rencontre est \u00e0 suivre sur\u00a0<strong>Ligue 1+<\/strong>. Comme d&rsquo;habitude, vous pourrez \u00e9videmment suivre ce match en direct comment\u00e9 sur\u00a0LaProvence.com.\u00a0<\/p>\n","protected":false},"excerpt":{"rendered":"L&rsquo;optimisme b\u00e9at, qui r\u00e9gnait un peu partout \u00e0 Marseille il y a encore une semaine, est un peu&hellip;\n","protected":false},"author":2,"featured_media":497627,"comment_status":"","ping_status":"","sticky":false,"template":"","format":"standard","meta":{"footnotes":""},"categories":[9],"tags":[17,3839,1011,27,3838,149,62019,3837,60,3356,3840],"class_list":{"0":"post-497626","1":"post","2":"type-post","3":"status-publish","4":"format-standard","5":"has-post-thumbnail","7":"category-sports","8":"tag-17","9":"tag-chaine","10":"tag-fr","11":"tag-france","12":"tag-heure","13":"tag-om","14":"tag-om-angers","15":"tag-quelle","16":"tag-sports","17":"tag-sur","18":"tag-voir"},"share_on_mastodon":{"url":"https:\/\/pubeurope.com\/@fr\/115457332643571064","error":""},"_links":{"self":[{"href":"https:\/\/www.europesays.com\/fr\/wp-json\/wp\/v2\/posts\/497626","targetHints":{"allow":["GET"]}}],"collection":[{"href":"https:\/\/www.europesays.com\/fr\/wp-json\/wp\/v2\/posts"}],"about":[{"href":"https:\/\/www.europesays.com\/fr\/wp-json\/wp\/v2\/types\/post"}],"author":[{"embeddable":true,"href":"https:\/\/www.europesays.com\/fr\/wp-json\/wp\/v2\/users\/2"}],"replies":[{"embeddable":true,"href":"https:\/\/www.europesays.com\/fr\/wp-json\/wp\/v2\/comments?post=497626"}],"version-history":[{"count":0,"href":"https:\/\/www.europesays.com\/fr\/wp-json\/wp\/v2\/posts\/497626\/revisions"}],"wp:featuredmedia":[{"embeddable":true,"href":"https:\/\/www.europesays.com\/fr\/wp-json\/wp\/v2\/media\/497627"}],"wp:attachment":[{"href":"https:\/\/www.europesays.com\/fr\/wp-json\/wp\/v2\/media?parent=497626"}],"wp:term":[{"taxonomy":"category","embeddable":true,"href":"https:\/\/www.europesays.com\/fr\/wp-json\/wp\/v2\/categories?post=497626"},{"taxonomy":"post_tag","embeddable":true,"href":"https:\/\/www.europesays.com\/fr\/wp-json\/wp\/v2\/tags?post=497626"}],"curies":[{"name":"wp","href":"https:\/\/api.w.org\/{rel}","templated":true}]}}