{"id":497639,"date":"2025-10-29T12:03:11","date_gmt":"2025-10-29T12:03:11","guid":{"rendered":"https:\/\/www.europesays.com\/fr\/497639\/"},"modified":"2025-10-29T12:03:11","modified_gmt":"2025-10-29T12:03:11","slug":"feu-chatterton-sur-la-scene-du-zenith-le-24-mai-2026","status":"publish","type":"post","link":"https:\/\/www.europesays.com\/fr\/497639\/","title":{"rendered":"Feu\u00a0! Chatterton sur la sc\u00e8ne du\u00a0Z\u00e9nith le 24\u00a0mai 2026"},"content":{"rendered":"<p>D\u00e8s ce dimanche 2 novembre, 18 heures, il sera possible d\u2019acheter des billets pour la prochaine \u00e9dition de Paroles &amp; Musiques. Ou du moins pour le premier concert que les organisateurs viennent de d\u00e9voiler\u00a0: celui de Feu\u00a0! Chatterton, dimanche 24\u00a0mai 2026, au Z\u00e9nith de Saint-\u00c9tienne.<\/p>\n<p>Le groupe emmen\u00e9 par Arthur Teboul sera donc l\u2019une des t\u00eates d\u2019affiche de cette 35 e \u00e9dition qui aura lieu du 18 au 24\u00a0mai 2026 dans plusieurs salles de la ville-pr\u00e9fecture. Apr\u00e8s avoir emball\u00e9 le public des Nuits de Fourvi\u00e8re en juillet, la formation musicale a publi\u00e9 Labyrinthe, son quatri\u00e8me album studio compos\u00e9 de treize pistes, en septembre.<\/p>\n<p>  \u00a0Le festival avait rassembl\u00e9 pr\u00e8s de 13\u00a0000 personnes l&rsquo;an dernier<\/p>\n<p>\u00ab Quatre ans apr\u00e8s la sortie de leur album iconique Palais d\u2019argile, couronn\u00e9 d\u2019un disque de platine, de multiples nominations aux Victoires de la musique, et d\u2019une tourn\u00e9e triomphale, les Feu\u00a0! Chatterton rallument la flamme\u00a0\u00bb, assurent les programmateurs du festival.<\/p>\n<p>L\u2019ann\u00e9e derni\u00e8re, le festival avait rassembl\u00e9 pr\u00e8s de 13\u00a0000 personnes <a href=\"https:\/\/www.leprogres.fr\/culture-loisirs\/2025\/05\/26\/festival-paroles-musiques-il-y-a-eu-un-regain-d-interet-pour-l-emergence\" target=\"_blank\" rel=\"noopener\">avec un taux de remplissage de 75\u00a0%<\/a>.<\/p>\n<p class=\"note\">Feu\u00a0! Chatterton, au Z\u00e9nith de Saint-\u00c9tienne, dans le cadre du festival Paroles &amp; Musiques, dimanche 24\u00a0mai, \u00e0 18 heures. Ouverture de la billetterie en ligne sur ckelprod.com \u00e0 partir de ce dimanche (18 heures).<\/p>\n","protected":false},"excerpt":{"rendered":"D\u00e8s ce dimanche 2 novembre, 18 heures, il sera possible d\u2019acheter des billets pour la prochaine \u00e9dition de&hellip;\n","protected":false},"author":2,"featured_media":497640,"comment_status":"","ping_status":"","sticky":false,"template":"","format":"standard","meta":{"footnotes":""},"categories":[9653],"tags":[1111,11,2430,1687,7539,1777,674,1011,27,3367,873,12,25,4001,7538,3140],"class_list":{"0":"post-497639","1":"post","2":"type-post","3":"status-publish","4":"format-standard","5":"has-post-thumbnail","7":"category-saint-etienne","8":"tag-actu","9":"tag-actualites","10":"tag-auvergne-rhone-alpes","11":"tag-culture-loisirs","12":"tag-edition-loire-sud","13":"tag-eu","14":"tag-europe","15":"tag-fr","16":"tag-france","17":"tag-loire","18":"tag-musique","19":"tag-news","20":"tag-republique-francaise","21":"tag-saint-etienne","22":"tag-saint-etienne-ville","23":"tag-spectacle"},"share_on_mastodon":{"url":"https:\/\/pubeurope.com\/@fr\/115457360145024496","error":""},"_links":{"self":[{"href":"https:\/\/www.europesays.com\/fr\/wp-json\/wp\/v2\/posts\/497639","targetHints":{"allow":["GET"]}}],"collection":[{"href":"https:\/\/www.europesays.com\/fr\/wp-json\/wp\/v2\/posts"}],"about":[{"href":"https:\/\/www.europesays.com\/fr\/wp-json\/wp\/v2\/types\/post"}],"author":[{"embeddable":true,"href":"https:\/\/www.europesays.com\/fr\/wp-json\/wp\/v2\/users\/2"}],"replies":[{"embeddable":true,"href":"https:\/\/www.europesays.com\/fr\/wp-json\/wp\/v2\/comments?post=497639"}],"version-history":[{"count":0,"href":"https:\/\/www.europesays.com\/fr\/wp-json\/wp\/v2\/posts\/497639\/revisions"}],"wp:featuredmedia":[{"embeddable":true,"href":"https:\/\/www.europesays.com\/fr\/wp-json\/wp\/v2\/media\/497640"}],"wp:attachment":[{"href":"https:\/\/www.europesays.com\/fr\/wp-json\/wp\/v2\/media?parent=497639"}],"wp:term":[{"taxonomy":"category","embeddable":true,"href":"https:\/\/www.europesays.com\/fr\/wp-json\/wp\/v2\/categories?post=497639"},{"taxonomy":"post_tag","embeddable":true,"href":"https:\/\/www.europesays.com\/fr\/wp-json\/wp\/v2\/tags?post=497639"}],"curies":[{"name":"wp","href":"https:\/\/api.w.org\/{rel}","templated":true}]}}