{"id":49764,"date":"2025-04-24T18:06:16","date_gmt":"2025-04-24T18:06:16","guid":{"rendered":"https:\/\/www.europesays.com\/fr\/49764\/"},"modified":"2025-04-24T18:06:16","modified_gmt":"2025-04-24T18:06:16","slug":"quels-sont-les-salaires-des-joueurs-des-girondins-de-bordeaux","status":"publish","type":"post","link":"https:\/\/www.europesays.com\/fr\/49764\/","title":{"rendered":"Quels sont les salaires des joueurs des Girondins de Bordeaux ?"},"content":{"rendered":"<p><img loading=\"lazy\" decoding=\"async\" width=\"696\" height=\"464\" class=\"lazyload entry-thumb\" src=\"https:\/\/www.europesays.com\/fr\/wp-content\/uploads\/2025\/04\/ABC_4854-696x464.jpg\" alt=\"Bordeaux Joueurs\" title=\"Bordeaux Joueurs\"\/>FC Girondins de Bordeaux (\u00a9 Philippe Le Brech)<\/p>\n<p style=\"font-size:20px\"><strong>Les Girondins de Bordeaux ont 30 joueurs sous contrat f\u00e9d\u00e9ral pour ses \u00e9quipes de National 2 et National 3<\/strong> a<strong>vec des salaires tres diff\u00e9rents<\/strong>.<\/p>\n<p>Si <a href=\"https:\/\/www.sudouest.fr\/sport\/football\/girondins-de-bordeaux\/girondins-de-bordeaux-carroll-a-1-614-euros-par-mois-salary-cap-primes-le-detail-des-salaires-en-national-2-21896317.php\" target=\"_blank\" rel=\"noreferrer noopener\">nos confr\u00e8res de Sud Ouest<\/a> avaient r\u00e9v\u00e9l\u00e9 une partie des salaires des Girondins de Bordeaux, on fait un point global sur tous les contrats f\u00e9d\u00e9raux qui ont \u00e9t\u00e9 sign\u00e9s depuis fin ao\u00fbt 2024. En tout, ce sont trente-deux contrats dont deux qui ont \u00e9t\u00e9 r\u00e9sili\u00e9s en janvier (Malhory Noc) et f\u00e9vrier (Safouane Karim). Le plus gros salaire \u2013 qui a beaucoup fait jaser \u2013 est celui d\u2019Etienne Beugr\u00e9. Le joueur arriv\u00e9 fin janvier touche 10 000 euros bruts mensuels. Ensuite, on retrouve Travis Mutyaba (5 250 euros) et cinq joueurs avec 5 000 euros. Avec Nama Fofana (3 000 euros) et Jean Grillot (2 000 euros), ils sont tous \u00e0 35 heures hebdomadaires.<\/p>\n<p>Puis le reste des joueurs a des contrats \u00e0 temps partiel (21 heures) avec Yvan Ikia Dimi (3 000 eurs) en t\u00eate.  Plusieurs joueurs cumulent leur contrat avec un compl\u00e9ment de France Travail puisque leur contrat pr\u00e9c\u00e9dent \u00e9tait plus important. Il reste donc les diff\u00e9rentes primes qui ne sont pas inscrites dans les contrats f\u00e9d\u00e9raux que nous avons pu consulter. Des contrats qui ne sont pas contresign\u00e9s par l\u2019administrateur judiciaire comme nous avons pu le v\u00e9rifier. Mais le club a peut-\u00eatre fait signer d\u2019autres contrats aux joueurs, ce qui est possible.<\/p>\n<p>La masse salariale mensuelle des Girondins de Bordeaux \u2013 hors staff et administratifs \u2013 est donc de 81 120, 60 euros. Ce qui donne une masse salariale annuelle de 811 260 euros sur dix mois. Et c\u2019est sans compter les charges sociales. La masse salariale gobal des joueurs est donc autour de 1,2 millions d\u2019euros. Concernant la dur\u00e9e des contrats, seulement neuf joueurs ont deux (4 joueurs) ou trois ans (5 joueurs).<\/p>\n<p><strong>Les salaires des contrats f\u00e9d\u00e9raux des Girondins de Bordeaux<\/strong><img fetchpriority=\"high\" decoding=\"async\" width=\"801\" height=\"1024\" src=\"https:\/\/www.europesays.com\/fr\/wp-content\/uploads\/2025\/04\/Contrats-Bordeaux-2024-2025-801x1024.jpg\" alt=\"\" class=\"wp-image-120737\"  \/><\/p>\n<p><strong>Visuel @footamateur.fr \u2013 Toute reproduction est interdite sauf autorisation<\/strong><\/p>\n<p><a href=\"https:\/\/footamateur.ouest-france.fr\/author\/jerome\/\" class=\"url\" title=\"J\u00e9rome Bouchacourt\" target=\"_blank\" rel=\"noopener\"> <img decoding=\"async\" src=\"https:\/\/www.europesays.com\/fr\/wp-content\/uploads\/2025\/04\/moi.jpg\" class=\"lazyload photo\" width=\"250\" alt=\"J\u00e9rome Bouchacourt\"\/><\/a><\/p>\n<p>SEO et r\u00e9dacteur en chef chez Sports M\u00e9dia<\/p>\n<p>Petit Suisse originaire de Lausanne, au bord du Lac L\u00e9man, biberonn\u00e9 au Beaujolais depuis ses deux ans, J\u00e9r\u00f4me a migr\u00e9 dans la r\u00e9gion nantaise au d\u00e9but des ann\u00e9es 2000. Fan de football amateur, de ses rencontres, ses terrains bossel\u00e9s, ses buvettes conviviales, il est aussi un bon vivant qui adore la cuisine lyonnaise ! Fondateur de Footamateur.fr en mai 2014.<\/p>\n<p><a href=\"https:\/\/footamateur.ouest-france.fr\/author\/jerome\/\" class=\"url\" title=\"J\u00e9rome Bouchacourt\" target=\"_blank\" rel=\"noopener\"><img decoding=\"async\" src=\"https:\/\/www.europesays.com\/fr\/wp-content\/uploads\/2025\/04\/moi.jpg\" class=\"lazyload photo\" width=\"250\" alt=\"J\u00e9rome Bouchacourt\"\/><\/a>Les derniers articles par J\u00e9rome Bouchacourt (<a href=\"https:\/\/footamateur.ouest-france.fr\/author\/jerome\/\" target=\"_blank\" rel=\"noopener\">tout voir<\/a>)<\/p>\n","protected":false},"excerpt":{"rendered":"FC Girondins de Bordeaux (\u00a9 Philippe Le Brech) Les Girondins de Bordeaux ont 30 joueurs sous contrat f\u00e9d\u00e9ral&hellip;\n","protected":false},"author":2,"featured_media":49765,"comment_status":"","ping_status":"","sticky":false,"template":"","format":"standard","meta":{"footnotes":""},"categories":[2817],"tags":[1111,11,1997,1777,674,1011,27,2265,12,2219,25],"class_list":{"0":"post-49764","1":"post","2":"type-post","3":"status-publish","4":"format-standard","5":"has-post-thumbnail","7":"category-bordeaux","8":"tag-actu","9":"tag-actualites","10":"tag-bordeaux","11":"tag-eu","12":"tag-europe","13":"tag-fr","14":"tag-france","15":"tag-girondins-bordeaux","16":"tag-news","17":"tag-nouvelle-aquitaine","18":"tag-republique-francaise"},"share_on_mastodon":{"url":"https:\/\/pubeurope.com\/@fr\/114394273112238687","error":""},"_links":{"self":[{"href":"https:\/\/www.europesays.com\/fr\/wp-json\/wp\/v2\/posts\/49764","targetHints":{"allow":["GET"]}}],"collection":[{"href":"https:\/\/www.europesays.com\/fr\/wp-json\/wp\/v2\/posts"}],"about":[{"href":"https:\/\/www.europesays.com\/fr\/wp-json\/wp\/v2\/types\/post"}],"author":[{"embeddable":true,"href":"https:\/\/www.europesays.com\/fr\/wp-json\/wp\/v2\/users\/2"}],"replies":[{"embeddable":true,"href":"https:\/\/www.europesays.com\/fr\/wp-json\/wp\/v2\/comments?post=49764"}],"version-history":[{"count":0,"href":"https:\/\/www.europesays.com\/fr\/wp-json\/wp\/v2\/posts\/49764\/revisions"}],"wp:featuredmedia":[{"embeddable":true,"href":"https:\/\/www.europesays.com\/fr\/wp-json\/wp\/v2\/media\/49765"}],"wp:attachment":[{"href":"https:\/\/www.europesays.com\/fr\/wp-json\/wp\/v2\/media?parent=49764"}],"wp:term":[{"taxonomy":"category","embeddable":true,"href":"https:\/\/www.europesays.com\/fr\/wp-json\/wp\/v2\/categories?post=49764"},{"taxonomy":"post_tag","embeddable":true,"href":"https:\/\/www.europesays.com\/fr\/wp-json\/wp\/v2\/tags?post=49764"}],"curies":[{"name":"wp","href":"https:\/\/api.w.org\/{rel}","templated":true}]}}