{"id":497647,"date":"2025-10-29T12:08:11","date_gmt":"2025-10-29T12:08:11","guid":{"rendered":"https:\/\/www.europesays.com\/fr\/497647\/"},"modified":"2025-10-29T12:08:11","modified_gmt":"2025-10-29T12:08:11","slug":"19-personnes-coincees-pres-de-deux-heures-dans-un-telepherique-en-panne","status":"publish","type":"post","link":"https:\/\/www.europesays.com\/fr\/497647\/","title":{"rendered":"19 personnes coinc\u00e9es pr\u00e8s de deux heures dans un t\u00e9l\u00e9ph\u00e9rique en panne"},"content":{"rendered":"<p>\n    Une quinzaine de pompiers se sont mobilis\u00e9s pour porter secours aux passagers, qui sont rest\u00e9s coinc\u00e9s de longues minutes dans des cabines, mardi soir.<\/p>\n<p class=\"fig-paragraph\">Grosse frayeur \u00e0\u00a0<a href=\"http:\/\/www.lefigaro.fr\/culture\/brigitte-bardot-hospitalisee-a-toulon-depuis-plusieurs-semaines-20251017\" data-fig-type=\"NewsFlash\" data-gtm-custom-categorie=\"navigation\" data-gtm-custom-action=\"crossclick\" data-gtm-custom-label=\"Contextuel\" data-gtm-event=\"customEventSPE\" data-fig-domain=\"LEFIGARO\" target=\"_blank\" rel=\"noopener\">Toulon<\/a>\u00a0mardi soir. Les deux cabines de l\u2019embl\u00e9matique\u00a0<a href=\"http:\/\/www.lefigaro.fr\/marseille\/marseille-bientot-un-telepherique-pour-se-rendre-a-l-aeroport-20241211\" data-fig-type=\"NewsFlash\" data-gtm-custom-categorie=\"navigation\" data-gtm-custom-action=\"crossclick\" data-gtm-custom-label=\"Contextuel\" data-gtm-event=\"customEventSPE\" data-fig-domain=\"LEFIGARO\" target=\"_blank\" rel=\"noopener\">t\u00e9l\u00e9ph\u00e9rique<\/a>\u00a0de la pr\u00e9fecture varoise, qui relie la commune au mont Faron, ont subi une longue panne. Selon les sapeurs-pompiers du d\u00e9partement du Var, 19 personnes sont rest\u00e9es coinc\u00e9es \u00e0 bord peu avant 19 heures.<\/p>\n<p class=\"fig-paragraph\">Pour leur porter secours, 14 pompiers ont \u00e9t\u00e9 mobilis\u00e9s, dont une \u00e9quipe sp\u00e9cialis\u00e9e dans les milieux p\u00e9rilleux et montagneux, avec l\u2019appui des services de la ville, du t\u00e9l\u00e9ph\u00e9rique et de la police nationale. \u00c0 20h47, soit pr\u00e8s de deux heures plus tard, les pompiers varois ont annonc\u00e9 que \u00ables \u00e9vacuations \u00e9taient quasiment termin\u00e9es\u00bb et que \u00abcelles-ci s\u2019\u00e9taient bien pass\u00e9es.\u00bb Aucun bless\u00e9 n\u2019est heureusement \u00e0 d\u00e9plorer dans cet incident.<\/p>\n","protected":false},"excerpt":{"rendered":"Une quinzaine de pompiers se sont mobilis\u00e9s pour porter secours aux passagers, qui sont rest\u00e9s coinc\u00e9s de longues&hellip;\n","protected":false},"author":2,"featured_media":497648,"comment_status":"","ping_status":"","sticky":false,"template":"","format":"standard","meta":{"footnotes":""},"categories":[9619],"tags":[1111,11,1777,674,1011,27,12,10899,882,62022,25,2310],"class_list":{"0":"post-497647","1":"post","2":"type-post","3":"status-publish","4":"format-standard","5":"has-post-thumbnail","7":"category-toulon","8":"tag-actu","9":"tag-actualites","10":"tag-eu","11":"tag-europe","12":"tag-fr","13":"tag-france","14":"tag-news","15":"tag-panne","16":"tag-provence-alpes-cote-dazur","17":"tag-remontees-mecaniques","18":"tag-republique-francaise","19":"tag-toulon"},"share_on_mastodon":{"url":"https:\/\/pubeurope.com\/@fr\/115457379709129120","error":""},"_links":{"self":[{"href":"https:\/\/www.europesays.com\/fr\/wp-json\/wp\/v2\/posts\/497647","targetHints":{"allow":["GET"]}}],"collection":[{"href":"https:\/\/www.europesays.com\/fr\/wp-json\/wp\/v2\/posts"}],"about":[{"href":"https:\/\/www.europesays.com\/fr\/wp-json\/wp\/v2\/types\/post"}],"author":[{"embeddable":true,"href":"https:\/\/www.europesays.com\/fr\/wp-json\/wp\/v2\/users\/2"}],"replies":[{"embeddable":true,"href":"https:\/\/www.europesays.com\/fr\/wp-json\/wp\/v2\/comments?post=497647"}],"version-history":[{"count":0,"href":"https:\/\/www.europesays.com\/fr\/wp-json\/wp\/v2\/posts\/497647\/revisions"}],"wp:featuredmedia":[{"embeddable":true,"href":"https:\/\/www.europesays.com\/fr\/wp-json\/wp\/v2\/media\/497648"}],"wp:attachment":[{"href":"https:\/\/www.europesays.com\/fr\/wp-json\/wp\/v2\/media?parent=497647"}],"wp:term":[{"taxonomy":"category","embeddable":true,"href":"https:\/\/www.europesays.com\/fr\/wp-json\/wp\/v2\/categories?post=497647"},{"taxonomy":"post_tag","embeddable":true,"href":"https:\/\/www.europesays.com\/fr\/wp-json\/wp\/v2\/tags?post=497647"}],"curies":[{"name":"wp","href":"https:\/\/api.w.org\/{rel}","templated":true}]}}