{"id":497651,"date":"2025-10-29T12:11:09","date_gmt":"2025-10-29T12:11:09","guid":{"rendered":"https:\/\/www.europesays.com\/fr\/497651\/"},"modified":"2025-10-29T12:11:09","modified_gmt":"2025-10-29T12:11:09","slug":"gagnez-vos-places-pour-ces-evenements-a-rouen","status":"publish","type":"post","link":"https:\/\/www.europesays.com\/fr\/497651\/","title":{"rendered":"gagnez vos places pour ces \u00e9v\u00e9nements \u00e0 Rouen\u00a0!"},"content":{"rendered":"<p>            Par<br \/>\n        <strong><br \/>\n            <a href=\"https:\/\/actu.fr\/auteur\/julien-bouteiller\" title=\"Consulter tous les articles de Julien Bouteiller\" target=\"_blank\" rel=\"noopener\">Julien Bouteiller<\/a><br \/>\n        <\/strong><\/p>\n<p>        Publi\u00e9 le<\/p>\n<p>            29 oct. 2025 \u00e0 11h16        <\/p>\n<p>Des <strong>gourmands<\/strong> parmi vous ? Ou bien <strong>de futurs mari\u00e9s<\/strong> qui pr\u00e9parent le grand jour ? Sachez que du 7 au 9 novembre 2025, le <a href=\"https:\/\/actu.fr\/tag\/parc-expo-de-rouen\" target=\"_blank\" rel=\"noopener\">Parc Expo de Rouen<\/a> organise deux salons d\u00e9di\u00e9s. Et bonne nouvelle,\u00a0<strong>on vous fait gagner vos places !<\/strong><\/p>\n<p>Gagnez vos places pour le Salon gourmand et le Salon du mariage<\/p>\n<p class=\" wall-content\"><strong>Gr\u00e2ce \u00e0 vos m\u00e9dias C\u00f4t\u00e9 Rouen et 76actu<\/strong>, faites votre choix et tentez de remporter deux entr\u00e9es pour l\u2019un des deux salons. Pour cela il vous suffit de <strong>remplir le formulaire ci-dessous.<\/strong><\/p>\n<p class=\" wall-content\">Le tirage au sort des heureux gagnants aura lieu <strong>mercredi 5 novembre<\/strong> et ils seront contact\u00e9s par t\u00e9l\u00e9phone. Bonne chance !<\/p>\n<p>    <a href=\"https:\/\/docs.google.com\/forms\/d\/e\/1FAIpQLScP3RT67Jf3pJcvGSBIo2RanLOnS0d9Ag7-QruxDf4SSGmcQg\/viewform?embedded=true\" title=\"Ouvrie le lien\" target=\"_blank\" rel=\"noopener\">Cliquez ici pour visualiser le contenu<\/a><\/p>\n<p>Suivez l\u2019actualit\u00e9 de Rouen <a href=\"https:\/\/www.whatsapp.com\/channel\/0029VaKfnf99hXF2ddApFB1D\" target=\"_blank\" rel=\"noopener\">sur notre cha\u00eene WhatsApp<\/a> et <a href=\"https:\/\/www.tiktok.com\/@76actu.fr?lang=fr\" target=\"_blank\" rel=\"noopener\">sur notre compte TikTok<\/a><\/p>\n<p class=\" wall-content\">Personnalisez votre actualit\u00e9 en ajoutant vos villes et m\u00e9dias en favori avec <a href=\"https:\/\/moncompte.actu.fr\" title=\"D\u00e9couvez Mon Actu\" rel=\"nofollow noopener\" data-trk=\"{&quot;cta&quot;:{&quot;action&quot;:&quot;https:\\\/\\\/moncompte.actu.fr&quot;,&quot;category&quot;:&quot;mon compte&quot;,&quot;from&quot;:&quot;article footer&quot;,&quot;name&quot;:&quot;Mon actu&quot;,&quot;type&quot;:&quot;cta&quot;}}\" target=\"_blank\">Mon Actu<\/a>.<\/p>\n<p>                    <script async src=\"\/\/www.tiktok.com\/embed.js\"><\/script><\/p>\n","protected":false},"excerpt":{"rendered":"Par Julien Bouteiller Publi\u00e9 le 29 oct. 2025 \u00e0 11h16 Des gourmands parmi vous ? Ou bien de&hellip;\n","protected":false},"author":2,"featured_media":497652,"comment_status":"","ping_status":"","sticky":false,"template":"","format":"standard","meta":{"footnotes":""},"categories":[9587],"tags":[1111,11,9086,1777,674,1011,27,1652,1930,12,5161,9636,25,9590],"class_list":{"0":"post-497651","1":"post","2":"type-post","3":"status-publish","4":"format-standard","5":"has-post-thumbnail","7":"category-rouen","8":"tag-actu","9":"tag-actualites","10":"tag-bon-plan-a-rouen","11":"tag-eu","12":"tag-europe","13":"tag-fr","14":"tag-france","15":"tag-loisirs-culture","16":"tag-mariage","17":"tag-news","18":"tag-normandie","19":"tag-parc-expo-de-rouen","20":"tag-republique-francaise","21":"tag-rouen"},"share_on_mastodon":{"url":"https:\/\/pubeurope.com\/@fr\/115457391562658264","error":""},"_links":{"self":[{"href":"https:\/\/www.europesays.com\/fr\/wp-json\/wp\/v2\/posts\/497651","targetHints":{"allow":["GET"]}}],"collection":[{"href":"https:\/\/www.europesays.com\/fr\/wp-json\/wp\/v2\/posts"}],"about":[{"href":"https:\/\/www.europesays.com\/fr\/wp-json\/wp\/v2\/types\/post"}],"author":[{"embeddable":true,"href":"https:\/\/www.europesays.com\/fr\/wp-json\/wp\/v2\/users\/2"}],"replies":[{"embeddable":true,"href":"https:\/\/www.europesays.com\/fr\/wp-json\/wp\/v2\/comments?post=497651"}],"version-history":[{"count":0,"href":"https:\/\/www.europesays.com\/fr\/wp-json\/wp\/v2\/posts\/497651\/revisions"}],"wp:featuredmedia":[{"embeddable":true,"href":"https:\/\/www.europesays.com\/fr\/wp-json\/wp\/v2\/media\/497652"}],"wp:attachment":[{"href":"https:\/\/www.europesays.com\/fr\/wp-json\/wp\/v2\/media?parent=497651"}],"wp:term":[{"taxonomy":"category","embeddable":true,"href":"https:\/\/www.europesays.com\/fr\/wp-json\/wp\/v2\/categories?post=497651"},{"taxonomy":"post_tag","embeddable":true,"href":"https:\/\/www.europesays.com\/fr\/wp-json\/wp\/v2\/tags?post=497651"}],"curies":[{"name":"wp","href":"https:\/\/api.w.org\/{rel}","templated":true}]}}