{"id":497659,"date":"2025-10-29T12:15:13","date_gmt":"2025-10-29T12:15:13","guid":{"rendered":"https:\/\/www.europesays.com\/fr\/497659\/"},"modified":"2025-10-29T12:15:13","modified_gmt":"2025-10-29T12:15:13","slug":"comptes-dune-medecin-rennaise-fermes-sans-explication-la-banque-fait-marche-arriere","status":"publish","type":"post","link":"https:\/\/www.europesays.com\/fr\/497659\/","title":{"rendered":"Comptes d\u2019une m\u00e9decin rennaise ferm\u00e9s sans explication\u00a0: la banque fait marche arri\u00e8re"},"content":{"rendered":"<p>\u00ab On a re\u00e7u mardi soir un appel du directeur g\u00e9n\u00e9ral du CMB en personne. Il nous a inform\u00e9s que nos comptes ne seraient finalement pas cl\u00f4tur\u00e9s. \u00bb Quinze jours apr\u00e8s l\u2019annonce brutale, et sans explication, de la fermeture programm\u00e9e de son compte bancaire et celui de son mari, la m\u00e9decin rennaise Catherine Le Scolan estime \u00ab avoir gagn\u00e9 \u00bb : la banque a donc finalement r\u00e9trop\u00e9dal\u00e9, comme nous le confirme sa direction ce mercredi. <a anchorselected=\"true\" href=\"https:\/\/www.letelegramme.fr\/bretagne\/on-ne-va-pas-se-laisser-faire-en-bretagne-cette-medecin-viree-de-sa-banque-sans-aucune-explication-6909863.php\" target=\"_blank\" rel=\"noopener\">M\u00e9diatis\u00e9, le dossier avait provoqu\u00e9 une vague d\u2019indignation<\/a>.<\/p>\n<p>\u00ab On aurait aim\u00e9 que la banque reconnaisse son erreur \u00bb<\/p>\n<p>\u00ab On a gagn\u00e9, mais on aurait aim\u00e9 que le CMB annonce officiellement qu\u2019il avait commis une erreur \u00bb, d\u00e9plore Catherine Le Scolan. La m\u00e9decin rennaise et son \u00e9poux, clients du CMB depuis plus de vingt ans \u00ab sans aucun probl\u00e8me de gestion de comptes \u00bb, attribuaient la cause de cette d\u00e9cision \u00e0 leur cagnotte ouverte en 2024 pour aider un jeune danseur gazaoui bless\u00e9, et \u00e9vacu\u00e9 l\u00e9galement de Gaza au CHU de Rennes en juillet dernier.<\/p>\n<p>Le couple avait ensuite effectu\u00e9 un virement de 2 500 \u20ac le 16 septembre dernier en faveur de la famille du jeune homme rest\u00e9e en Palestine. L\u2019objectif : leur payer une tente pour fuir Gaza city. \u00ab La banque n\u2019a jamais voulu reconna\u00eetre que c\u2019\u00e9tait bien l\u00e0 le c\u0153ur du probl\u00e8me \u00bb, assure Catherine Le Scolan.<\/p>\n<p>\u00ab Quatre justificatifs allant de 40 \u20ac \u00e0 400 \u20ac, en lien avec la Palestine \u00bb<\/p>\n<p>Selon elle, le directeur g\u00e9n\u00e9ral de la banque, lors d\u2019un premier \u00e9change t\u00e9l\u00e9phonique, leur aurait demand\u00e9 de justifier quatre mouvements bancaires, allant de 40 \u20ac \u00e0 400 \u20ac. \u00ab Tous ces paiements \u00e9taient li\u00e9s \u00e0 la Palestine : des frais d\u2018interpr\u00e8te ; des indemnit\u00e9s kilom\u00e9triques pour des d\u00e9placements en France ; un virement bancaire \u00e0 un ami domicili\u00e9 \u00e0 Rennes et un d\u00e9dommagement suite \u00e0 une location de v\u00e9hicule pour conduire des r\u00e9fugi\u00e9s arriv\u00e9s \u00e0 Orly jusqu\u2019au Mans \u00bb, pointe la cliente.<\/p>\n<p>\u00ab On a justifi\u00e9 les frais. On n\u2019a rien \u00e0 cacher. Au cours de missions humanitaires, j\u2019ai juste fait mon boulot de m\u00e9decin et racont\u00e9 ensuite ce que j\u2019avais vu. Je ne suis pas politis\u00e9e et je ne suis pas dans l\u2019exc\u00e8s. Et s\u2019il y a bien quelqu\u2019un qui a tenu t\u00eate au Hamas, c\u2019est moi ! En nous annon\u00e7ant la fermeture de nos comptes, cela revenait \u00e0 dire que nous \u00e9tions suspects de quelque chose. Cela a g\u00e9n\u00e9r\u00e9 beaucoup de stress. Sans explications comment pouvions-nous nous d\u00e9fendre ? Pour nous, cela se termine bien. Mais combien d\u2019autres se taisent ? \u00bb, interroge-t-elle.<\/p>\n<p>Interrog\u00e9, le Cr\u00e9dit Mutuel de Bretagne nous indique pour sa part que \u00ab des \u00e9changes constructifs se sont tenus avec la cliente, qui ont abouti \u00e0 une r\u00e9ponse favorable aux exigences que nous formulions. \u00bb La banque confirme que \u00ab dans ce contexte, la proc\u00e9dure de cl\u00f4ture des comptes a \u00e9t\u00e9 stopp\u00e9e \u00bb.<\/p>\n","protected":false},"excerpt":{"rendered":"\u00ab On a re\u00e7u mardi soir un appel du directeur g\u00e9n\u00e9ral du CMB en personne. Il nous a&hellip;\n","protected":false},"author":2,"featured_media":497660,"comment_status":"","ping_status":"","sticky":false,"template":"","format":"standard","meta":{"footnotes":""},"categories":[2821],"tags":[1111,11,523,829,1777,674,1011,27,665,12,3518,584,25],"class_list":{"0":"post-497659","1":"post","2":"type-post","3":"status-publish","4":"format-standard","5":"has-post-thumbnail","7":"category-rennes","8":"tag-actu","9":"tag-actualites","10":"tag-banque","11":"tag-bretagne","12":"tag-eu","13":"tag-europe","14":"tag-fr","15":"tag-france","16":"tag-gaza","17":"tag-news","18":"tag-palestine","19":"tag-rennes","20":"tag-republique-francaise"},"share_on_mastodon":{"url":"https:\/\/pubeurope.com\/@fr\/115457407429391129","error":""},"_links":{"self":[{"href":"https:\/\/www.europesays.com\/fr\/wp-json\/wp\/v2\/posts\/497659","targetHints":{"allow":["GET"]}}],"collection":[{"href":"https:\/\/www.europesays.com\/fr\/wp-json\/wp\/v2\/posts"}],"about":[{"href":"https:\/\/www.europesays.com\/fr\/wp-json\/wp\/v2\/types\/post"}],"author":[{"embeddable":true,"href":"https:\/\/www.europesays.com\/fr\/wp-json\/wp\/v2\/users\/2"}],"replies":[{"embeddable":true,"href":"https:\/\/www.europesays.com\/fr\/wp-json\/wp\/v2\/comments?post=497659"}],"version-history":[{"count":0,"href":"https:\/\/www.europesays.com\/fr\/wp-json\/wp\/v2\/posts\/497659\/revisions"}],"wp:featuredmedia":[{"embeddable":true,"href":"https:\/\/www.europesays.com\/fr\/wp-json\/wp\/v2\/media\/497660"}],"wp:attachment":[{"href":"https:\/\/www.europesays.com\/fr\/wp-json\/wp\/v2\/media?parent=497659"}],"wp:term":[{"taxonomy":"category","embeddable":true,"href":"https:\/\/www.europesays.com\/fr\/wp-json\/wp\/v2\/categories?post=497659"},{"taxonomy":"post_tag","embeddable":true,"href":"https:\/\/www.europesays.com\/fr\/wp-json\/wp\/v2\/tags?post=497659"}],"curies":[{"name":"wp","href":"https:\/\/api.w.org\/{rel}","templated":true}]}}