{"id":497663,"date":"2025-10-29T12:17:19","date_gmt":"2025-10-29T12:17:19","guid":{"rendered":"https:\/\/www.europesays.com\/fr\/497663\/"},"modified":"2025-10-29T12:17:19","modified_gmt":"2025-10-29T12:17:19","slug":"vendredi-voyage-musical-avec-lyre-le-temps","status":"publish","type":"post","link":"https:\/\/www.europesays.com\/fr\/497663\/","title":{"rendered":"vendredi, voyage musical avec Lyre le Temps"},"content":{"rendered":"<p><strong>Vendredi 31 octobre, les fans du groupe Lyre le Temps pourront retrouver le quatuor strasbourgeois sur le grand \u00e9cran du cin\u00e9ma Cosmos, pour l\u2019avant-premi\u00e8re d\u2019un documentaire consacr\u00e9 \u00e0 la pr\u00e9paration de leur 6\u1d49 album. Une aventure humaine et musicale au c\u0153ur de la Nouvelle-Orl\u00e9ans, \u00e0 d\u00e9couvrir depuis Strasbourg !<\/strong><\/p>\n<p>Cr\u00e9\u00e9 en 2009, <strong>le groupe Lyre le Temps<\/strong> s\u2019est fait conna\u00eetre des Strasbourgeois(es) avec une musique influenc\u00e9e par le swing am\u00e9ricain des Ann\u00e9es folles, m\u00eal\u00e9 d\u2019\u00e9lectro et de hip-hop contemporains.<\/p>\n<p><strong>Pour leur 6\u1d49 album, les quatre musiciens sont all\u00e9s puiser l\u2019inspiration \u00e0 la source <\/strong>en allant enregistrer au c\u0153ur d\u2019une ville incontournable pour les passionn\u00e9(e)s de jazz :<strong> la Nouvelle-Orl\u00e9ans.\u00a0<\/strong><\/p>\n<p>    <img width=\"800\" height=\"450\" src=\"https:\/\/www.europesays.com\/fr\/wp-content\/uploads\/2025\/10\/affiche-film-16x9-vierge-800x450.png\" class=\"attachment-image-size-L size-image-size-L\" alt=\"Lyre le temps\" decoding=\"async\" loading=\"lazy\"  \/>         \u00a9 Yorim Becker \/ Document remis <\/p>\n<p>Le coeur battant du jazz<\/p>\n<p>\u00ab <strong>J\u2019ai choisi d\u2019y partir parce que j\u2019ai toujours \u00e9t\u00e9 fascin\u00e9 par les cuivres festifs et l\u2019ambiance mythique qu\u2019il y a autour de cette ville<\/strong>, explique Ludovic Schmitt, le chanteur du groupe. Rien qu\u2019avec son nom, on entend de la musique, on voit des couleurs. C\u2019est le berceau du jazz, avec toute une atmosph\u00e8re musicale cuivr\u00e9e. Les brass bands, les marching bands, les clarinettes\u2026 Tout ce qui m\u2019a toujours captiv\u00e9 depuis que j\u2019\u00e9coute Dizzy Gillespie et Cab Calloway. \u00bb\u00a0<\/p>\n<p><strong>D\u2019ailleurs, ces r\u00e9f\u00e9rences ont influenc\u00e9 tous les albums du groupe depuis plus de 16 ans !<\/strong><\/p>\n<\/p>\n<p>Lyre le Temps a pass\u00e9 trois semaines \u00e0 la Nouvelle-Orl\u00e9ans pour enregistrer son 6\u1d49 album. Un s\u00e9jour riche en rencontres et en collaborations. <strong>Le groupe a notamment travaill\u00e9 avec Eric Heigle, un ing\u00e9nieur du son nomm\u00e9 deux fois aux Grammy Awards.\u00a0<\/strong><\/p>\n<p>\u00ab\u00a0Musicalement, c\u2019\u00e9tait extraordinaire, poursuit Ludovic Schmitt. Il faut r\u00e9aliser qu\u2019\u00e0 la Nouvelle-Orl\u00e9ans, on joue de la musique en permanence, \u00e0 toute heure, dans les bars, les rues, les salles de concerts et les clubs. Les musiciens peuvent jouer trois \u00e0 quatre fois par soir, essentiellement des standards. <strong>Ils ont une culture du jazz qui est gigantesque.<\/strong> \u00bb<\/p>\n<p>    <img width=\"800\" height=\"450\" src=\"https:\/\/www.europesays.com\/fr\/wp-content\/uploads\/2025\/10\/musique-25-800x450.png\" class=\"attachment-image-size-L size-image-size-L\" alt=\"lyre le temps\" decoding=\"async\" loading=\"lazy\"  \/>         \u00a9 Yorim Becker \/ Document remis <\/p>\n<p>\u00ab Comme la concurrence est \u00e9norme, <strong>le niveau des musiciens est juste hallucinant<\/strong>. Pour moi, c\u2019\u00e9tait extraordinaire de me dire que je pouvais retrouver des musiciens dans la rue et les emmener en studio pour pouvoir composer des chansons avec eux \u00bb, se souvient Ludovic Schmitt.<\/p>\n<p>\u00ab Je composais par ordinateur des m\u00e9lodies qui d\u2019un coup prenaient vie parce qu\u2019il y avait une \u00e2me qui soufflait dans une trompette. <strong>\u00c7a a \u00e9t\u00e9 une baffe musicale<\/strong>. Je me suis confront\u00e9 \u00e0 des musiciens qui avaient un niveau lunaire et je crois qu\u2019on a tous besoin de \u00e7a en tant qu\u2019artistes. <strong> C\u2019est comme si j\u2019avais fait des masterclass musicales sp\u00e9cialis\u00e9es dans le jazz, le swing et la musique qui me fait vibrer<\/strong>. \u00bb<\/p>\n<p>    <img width=\"800\" height=\"450\" src=\"https:\/\/www.europesays.com\/fr\/wp-content\/uploads\/2025\/10\/musique-19-800x450.png\" class=\"attachment-image-size-L size-image-size-L\" alt=\"Lyre le temps\" decoding=\"async\" loading=\"lazy\"  \/>         \u00a9 Yorim Becker \/ Document remis <\/p>\n<p>De l&rsquo;orf\u00e8vrerie musicale<\/p>\n<p>\u00c9minemment riche, cette aventure humaine et musicale a \u00e9galement donn\u00e9 naissance \u00e0 un documentaire, New Orleans Club : To join you in a second line r\u00e9alis\u00e9 par Yorim Becker.<\/p>\n<p>\u00ab\u00a0On a cr\u00e9\u00e9 un projet un peu sp\u00e9cial avec ce film de 55 minutes, d\u00e9taille Cedric Kessler, directeur de l\u2019entreprise de production audiovisuelle Isimara. On y suit le parcours de cr\u00e9ation de l\u2019album, l\u2019immersion dans un choc des mondes entre la musique ancestrale, le jazz originel de la Nouvelle-Orl\u00e9ans et les influences modernes de Lyre le Temps. Pour une personne qui aime la musique, c\u2019est une aventure r\u00eav\u00e9e entre le nouveau et l\u2019ancien, avec des artistes d\u2019exception. <strong>Il y a aussi<\/strong> <strong>un c\u00f4t\u00e9 humain de voir comment on arrive \u00e0 connecter et \u00e0 r\u00e9sonner avec des artistes de l\u2019autre c\u00f4t\u00e9 de la plan\u00e8te.<\/strong> \u00bb<\/p>\n<p>    <img width=\"800\" height=\"450\" src=\"https:\/\/www.europesays.com\/fr\/wp-content\/uploads\/2025\/10\/musique-4-800x450.png\" class=\"attachment-image-size-L size-image-size-L\" alt=\"Lyre le temps\" decoding=\"async\" loading=\"lazy\"  \/>         \u00a9 Yorim Becker \/ Document remis <\/p>\n<p>\u00ab Ils le disent eux-m\u00eames : <strong>c\u2019est jusqu\u2019\u00e0 pr\u00e9sent le projet le plus ambitieux de Lyre le Temps<\/strong>, poursuit C\u00e9dric Kessler. Les gens se feront leur avis. Qu\u2019ils aiment ou qu\u2019ils n\u2019aiment pas, il y a dans cet album une notion d\u2019orf\u00e8vrerie. C\u2019est un documentaire qui permet au spectateur de se connecter au secret de fabrication de cet objet. \u00bb<\/p>\n<p>\u00c0 l\u2019issue de l\u2019avant-premi\u00e8re, un moment de dialogue aura lieu avec Yorim Becker, C\u00e9dric Kessler et Ludovic Schmitt. <strong>Et pour celles et ceux qui n\u2019auraient pas la chance d\u2019y assister, il sera toujours possible de se rattraper : le documentaire sortira sur la chaine YouTube de Lyre le Temps le 14 novembre<\/strong>.\u00a0<\/p>\n<p>            Avant-premi\u00e8re de \u00ab\u00a0New Orleans Club : To join you in a second line \u00bb<\/p>\n<p>            Quoi ? <\/p>\n<p>Avant-premi\u00e8re du documentaire consacr\u00e9 au sixi\u00e8me album de Lyre le Temps<\/p>\n<p>                Quand ?<\/p>\n<p>Vendredi 31 octobre, \u00e0 19h30<\/p>\n<p>            o\u00f9 ?<\/p>\n<p>Au cin\u00e9ma Le Cosmos, 3 rue des Francs-Bourgeois, \u00e0 Strasbourg<\/p>\n<p>                Plus d&rsquo;infos ?<\/p>\n<p>Gratuit mais sur r\u00e9servation <a href=\"https:\/\/www.helloasso.com\/associations\/association-ade\/evenements\/test\" target=\"_blank\" rel=\"noopener\">en cliquant ici<\/a><\/p>\n","protected":false},"excerpt":{"rendered":"Vendredi 31 octobre, les fans du groupe Lyre le Temps pourront retrouver le quatuor strasbourgeois sur le grand&hellip;\n","protected":false},"author":2,"featured_media":497664,"comment_status":"","ping_status":"","sticky":false,"template":"","format":"standard","meta":{"footnotes":""},"categories":[2820],"tags":[1111,11,1777,674,1011,27,775,6910,62023,12,26961,25,640,11714],"class_list":{"0":"post-497663","1":"post","2":"type-post","3":"status-publish","4":"format-standard","5":"has-post-thumbnail","7":"category-strasbourg","8":"tag-actu","9":"tag-actualites","10":"tag-eu","11":"tag-europe","12":"tag-fr","13":"tag-france","14":"tag-grand-est","15":"tag-jazz","16":"tag-lyre-le-temps","17":"tag-news","18":"tag-nouvelle-orleans","19":"tag-republique-francaise","20":"tag-strasbourg","21":"tag-swing"},"share_on_mastodon":{"url":"https:\/\/pubeurope.com\/@fr\/115457416840192151","error":""},"_links":{"self":[{"href":"https:\/\/www.europesays.com\/fr\/wp-json\/wp\/v2\/posts\/497663","targetHints":{"allow":["GET"]}}],"collection":[{"href":"https:\/\/www.europesays.com\/fr\/wp-json\/wp\/v2\/posts"}],"about":[{"href":"https:\/\/www.europesays.com\/fr\/wp-json\/wp\/v2\/types\/post"}],"author":[{"embeddable":true,"href":"https:\/\/www.europesays.com\/fr\/wp-json\/wp\/v2\/users\/2"}],"replies":[{"embeddable":true,"href":"https:\/\/www.europesays.com\/fr\/wp-json\/wp\/v2\/comments?post=497663"}],"version-history":[{"count":0,"href":"https:\/\/www.europesays.com\/fr\/wp-json\/wp\/v2\/posts\/497663\/revisions"}],"wp:featuredmedia":[{"embeddable":true,"href":"https:\/\/www.europesays.com\/fr\/wp-json\/wp\/v2\/media\/497664"}],"wp:attachment":[{"href":"https:\/\/www.europesays.com\/fr\/wp-json\/wp\/v2\/media?parent=497663"}],"wp:term":[{"taxonomy":"category","embeddable":true,"href":"https:\/\/www.europesays.com\/fr\/wp-json\/wp\/v2\/categories?post=497663"},{"taxonomy":"post_tag","embeddable":true,"href":"https:\/\/www.europesays.com\/fr\/wp-json\/wp\/v2\/tags?post=497663"}],"curies":[{"name":"wp","href":"https:\/\/api.w.org\/{rel}","templated":true}]}}