{"id":497667,"date":"2025-10-29T12:19:11","date_gmt":"2025-10-29T12:19:11","guid":{"rendered":"https:\/\/www.europesays.com\/fr\/497667\/"},"modified":"2025-10-29T12:19:11","modified_gmt":"2025-10-29T12:19:11","slug":"nice-la-soiree-au-restaurant-vire-au-pugilat-entre-christian-estrosi-et-eric-dupond-moretti","status":"publish","type":"post","link":"https:\/\/www.europesays.com\/fr\/497667\/","title":{"rendered":"Nice. La soir\u00e9e au restaurant vire au pugilat entre Christian Estrosi et \u00c9ric Dupond-Moretti"},"content":{"rendered":"<p>            Par<br \/>\n        <strong><br \/>\n            <a href=\"https:\/\/actu.fr\/auteur\/redaction-nice\" title=\"Consulter tous les articles de R\u00e9daction Nice\" target=\"_blank\" rel=\"noopener\">R\u00e9daction Nice<\/a><br \/>\n        <\/strong><\/p>\n<p>        Publi\u00e9 le<\/p>\n<p>            29 oct. 2025 \u00e0 12h58        <\/p>\n<p>C\u2019est une sc\u00e8ne lunaire qui s\u2019est d\u00e9roul\u00e9e au beau milieu d\u2019un restaurant ni\u00e7ois. Le mercredi 22 octobre 2025, autour des tables de La Petite Maison, \u00e9tablissement r\u00e9put\u00e9 pour sa fr\u00e9quentation haut de gamme, des <strong>\u00e9changes plus que muscl\u00e9s<\/strong> ont \u00e9clat\u00e9.<\/p>\n<p class=\" wall-content\">Les protagonistes\u2009? <a href=\"https:\/\/actu.fr\/tag\/christian-estrosi\" target=\"_blank\" rel=\"noopener\">Christian Estrosi<\/a>, maire de <a href=\"https:\/\/actu.fr\/nice\/\" target=\"_blank\" rel=\"noopener\">Nice<\/a> et candidat \u00e0 sa r\u00e9\u00e9lection pour les \u00e9lections municipales de Nice en 2026, et <strong>\u00c9ric Dupond-Moretti<\/strong>, ancien ministre de la Justice.<\/p>\n<p class=\" wall-content\">Selon les informations du <a href=\"https:\/\/www.lecanardenchaine.fr\/politique\/52225-dupond-moretti-et-estrosi-un-diner-aux-chataignes-a-la-nicoise\" target=\"_blank\" rel=\"noopener\">Canard Encha\u00een\u00e9<\/a>, les deux anciens ministres d\u2019Emmanuel Macron en sont presque venus aux mains.<\/p>\n<p>\u00ab\u2009Je vais t\u2019en coller une\u2009\u00bb<\/p>\n<p class=\" wall-content\">Eric Dupond-Moretti, Ni\u00e7ois d\u2019origine, et Christian Estrosi auraient \u00e9chang\u00e9 des mots particuli\u00e8rement virulents. D\u2019apr\u00e8s nos confr\u00e8res, le maire de Nice se serait lev\u00e9 pour s\u2019asseoir \u00e0 la table de l\u2019ancien ministre de la Justice en l\u00e2chant \u00ab\u2009Ici, je suis avec de vrais amis\u2026\u2009\u00bb.<\/p>\n<p class=\" wall-content\">L\u2019\u00e9change ne s\u2019est pas arr\u00eat\u00e9 l\u00e0 puisque Christian Estrosi se serait moqu\u00e9 de la r\u00e9cente reconversion d\u2019\u00c9ric Dupond-Moretti en tant que com\u00e9dien\u2009: \u00ab\u2009Esp\u00e8ce d\u2019intermittent du spectacle\u2009\u00bb. Ce dernier aurait r\u00e9torqu\u00e9\u2009: \u00ab\u2009Toi, tu n\u2019es pas un intermittent de la connerie.\u2009\u00bb Ambiance.<\/p>\n<p class=\" wall-content\">\u00c0 ce moment-l\u00e0, l\u2019intensit\u00e9 est encore mont\u00e9e d\u2019un cran entre les deux hommes. Estrosi, furieux, s\u2019est lev\u00e9 en plein milieu du restaurant en mena\u00e7ant\u2009: \u00ab\u2009Je vais t\u2019en coller une\u2009\u00bb. R\u00e9ponse imm\u00e9diate de l\u2019avocat de m\u00e9tier\u2009: \u00ab\u2009On sort si tu veux.\u2009\u00bb<\/p>\n<p class=\" wall-content\">Le dernier coup de boutoir est venu du candidat \u00e0 sa r\u00e9\u00e9lection \u00e0 la mairie de Nice\u2009: \u00ab\u2009Tu seras bient\u00f4t OQTF \u00e0 Nice.\u2009\u00bb<\/p>\n<p>Votre r\u00e9gion, votre actu !<\/p>\n<p>Recevez chaque jour les infos qui comptent pour vous.<\/p>\n<p>\t<a href=\"https:\/\/actu.fr\/newsletter\" class=\"ac-btn ac-btn--corner ac-btn--medium ac-btn--blue800\" target=\"_blank\" rel=\"noopener\">S&rsquo;incrire<\/a><\/p>\n<p class=\" wall-content\">Sollicit\u00e9s par la r\u00e9daction d\u2019actu Nice, les entourages de Christian Estrosi et d\u2019\u00c9ric Dupond-Moretti n\u2019ont pas r\u00e9pondu.<\/p>\n<p>Une d\u00e9claration qui ne passe pas<\/p>\n<p class=\" wall-content\">Cet \u00e9change pourrait, selon toutes vraisemblances, d\u00e9couler d\u2019une d\u00e9claration d\u2019Eric Dupond-Moretti sur l\u2019antenne de BFM TV. L\u2019ancien Garde des Sceaux avait d\u00e9clar\u00e9 le 8\u00a0octobre 2025 que le maire de Nice \u00e9tait \u00ab\u2009le pire courtisan que j\u2019ai jamais rencontr\u00e9\u2009\u00bb.<\/p>\n<p class=\" wall-content\">Une d\u00e9claration en r\u00e9action au souhait exprim\u00e9 par Christian Estrosi : il avait invit\u00e9 le pr\u00e9sident de la R\u00e9publique, Emmanuel Macron, \u00e0 d\u00e9missionner.<\/p>\n<p class=\" wall-content\">Personnalisez votre actualit\u00e9 en ajoutant vos villes et m\u00e9dias en favori avec <a href=\"https:\/\/moncompte.actu.fr\" title=\"D\u00e9couvez Mon Actu\" rel=\"nofollow noopener\" data-trk=\"{&quot;cta&quot;:{&quot;action&quot;:&quot;https:\\\/\\\/moncompte.actu.fr&quot;,&quot;category&quot;:&quot;mon compte&quot;,&quot;from&quot;:&quot;article footer&quot;,&quot;name&quot;:&quot;Mon actu&quot;,&quot;type&quot;:&quot;cta&quot;}}\" target=\"_blank\">Mon Actu<\/a>.<\/p>\n","protected":false},"excerpt":{"rendered":"Par R\u00e9daction Nice Publi\u00e9 le 29 oct. 2025 \u00e0 12h58 C\u2019est une sc\u00e8ne lunaire qui s\u2019est d\u00e9roul\u00e9e au&hellip;\n","protected":false},"author":2,"featured_media":497668,"comment_status":"","ping_status":"","sticky":false,"template":"","format":"standard","meta":{"footnotes":""},"categories":[2819],"tags":[1111,11,2397,10222,1777,674,1011,27,12,2401,316,882,25],"class_list":{"0":"post-497667","1":"post","2":"type-post","3":"status-publish","4":"format-standard","5":"has-post-thumbnail","7":"category-nice","8":"tag-actu","9":"tag-actualites","10":"tag-christian-estrosi","11":"tag-eric-dupond-moretti","12":"tag-eu","13":"tag-europe","14":"tag-fr","15":"tag-france","16":"tag-news","17":"tag-nice","18":"tag-politique","19":"tag-provence-alpes-cote-dazur","20":"tag-republique-francaise"},"share_on_mastodon":{"url":"https:\/\/pubeurope.com\/@fr\/115457423159179860","error":""},"_links":{"self":[{"href":"https:\/\/www.europesays.com\/fr\/wp-json\/wp\/v2\/posts\/497667","targetHints":{"allow":["GET"]}}],"collection":[{"href":"https:\/\/www.europesays.com\/fr\/wp-json\/wp\/v2\/posts"}],"about":[{"href":"https:\/\/www.europesays.com\/fr\/wp-json\/wp\/v2\/types\/post"}],"author":[{"embeddable":true,"href":"https:\/\/www.europesays.com\/fr\/wp-json\/wp\/v2\/users\/2"}],"replies":[{"embeddable":true,"href":"https:\/\/www.europesays.com\/fr\/wp-json\/wp\/v2\/comments?post=497667"}],"version-history":[{"count":0,"href":"https:\/\/www.europesays.com\/fr\/wp-json\/wp\/v2\/posts\/497667\/revisions"}],"wp:featuredmedia":[{"embeddable":true,"href":"https:\/\/www.europesays.com\/fr\/wp-json\/wp\/v2\/media\/497668"}],"wp:attachment":[{"href":"https:\/\/www.europesays.com\/fr\/wp-json\/wp\/v2\/media?parent=497667"}],"wp:term":[{"taxonomy":"category","embeddable":true,"href":"https:\/\/www.europesays.com\/fr\/wp-json\/wp\/v2\/categories?post=497667"},{"taxonomy":"post_tag","embeddable":true,"href":"https:\/\/www.europesays.com\/fr\/wp-json\/wp\/v2\/tags?post=497667"}],"curies":[{"name":"wp","href":"https:\/\/api.w.org\/{rel}","templated":true}]}}