{"id":497671,"date":"2025-10-29T12:21:16","date_gmt":"2025-10-29T12:21:16","guid":{"rendered":"https:\/\/www.europesays.com\/fr\/497671\/"},"modified":"2025-10-29T12:21:16","modified_gmt":"2025-10-29T12:21:16","slug":"une-reunion-a-buchenwald-contre-loubli","status":"publish","type":"post","link":"https:\/\/www.europesays.com\/fr\/497671\/","title":{"rendered":"Une r\u00e9union \u00e0 Buchenwald contre l\u2019oubli"},"content":{"rendered":"<p>Il y a deux ans sortait aux \u00e9ditions Syllepse, le livre de Fran\u00e7ois Pr\u00e9neau, Henri le Dem et Robert Hirsch, R\u00e9sistance antinazie, ouvri\u00e8re et internationale\u00a0; de Nantes \u00e0 Brest, les trotskistes dans la guerre. Un ouvrage original sur la Seconde guerre mondiale, puisqu\u2019il traitait en profondeur d\u2019un pan plut\u00f4t m\u00e9connu de cette p\u00e9riode, celle de la r\u00e9sistance de quelques militants trotskistes nantais et de la r\u00e9gion brestoise, qui se sont d\u00e9men\u00e9s contre l\u2019occupant nazi tout en restant fid\u00e8le \u00e0 leur combat contre le capitalisme.<\/p>\n<p>A LIRE AUSSI : <a href=\"https:\/\/nantes.maville.com\/actu\/actudet_--ils-ont-eu-un-comportement-heroique-un-livre-sur-les-resistants-trotskistes-nantais-_52716-5886856_actu.Htm\" target=\"_blank\" rel=\"noopener\">ENTRETIEN. \u00ab Ils ont eu un comportement h\u00e9ro\u00efque \u00bb : un livre sur les r\u00e9sistants trotskistes nantais<\/a><\/p>\n<p>Enferm\u00e9s au camp de Buchenwald en 1943<\/p>\n<p>Des ouvriers politis\u00e9s comme Georges et Henri Berthom\u00e9, Constant boucault, ou Robert Cruau, farouchement rest\u00e9s internationalistes dans une p\u00e9riode nationaliste. Jusqu\u2019\u00e0 chercher \u00e0 sympathiser avec des soldats allemands au nom d\u2019une appartenance commune \u00e0 la classe des travailleurs, par-del\u00e0 les fronti\u00e8res.<\/p>\n<p>Des militants d\u00e9\u00e7us par le communisme stalinien et ses proc\u00e8s exp\u00e9ditifs de Moscou (1936\/38) jusqu\u2019\u00e0 adh\u00e9rer \u00e0 une quatri\u00e8me internationale (fond\u00e9e en 1938 par L\u00e9on Trotski), qui voulait\u00a0une lutte non pas dirig\u00e9e contre le peuple allemand mais pour d\u00e9barrasser l\u2019Allemagne de ses capitalistes et de leur \u00c9tat fasciste.\u00a0<\/p>\n<p>La main de fer du nazisme, soutenue par le r\u00e9gime de Vichy, finira par casser leur espoir, malgr\u00e9 une premi\u00e8re r\u00e9ussite, la cr\u00e9ation d\u2019un groupe clandestin compos\u00e9 de quelques militaires allemands et de ces jeunes fran\u00e7ais, intitul\u00e9 \u00ab\u00a0Arbeiter und Soldat\u00a0\u00bb.<\/p>\n<p>En octobre\u00a01943, leurs r\u00eaves sont cependant douch\u00e9s. Les r\u00e9sistants se retrouvent enferm\u00e9s \u00e0 Buchenwald, dans l\u2019un des pires camps de concentration. Accueillis par le sinistre commandant SS Hermann Pister, leurs jours \u00e9taient compt\u00e9s.<\/p>\n<p>Pour leur rendre hommage, Fran\u00e7ois Pr\u00e9neau s\u2019est rendu \u00e0 Buchenwald, le 11\u00a0octobre 2025 pour une comm\u00e9moration organis\u00e9e par l\u2019association franco-allemande Les amis d\u2019Arbeiter und Soldat, dont il est l\u2019actuel pr\u00e9sident. \u00a0Un lourd silence s\u2019est fait quand les portraits de quatre de ces r\u00e9volutionnaires internationalistes ont \u00e9t\u00e9 soulev\u00e9s par des camarades allemands et fran\u00e7ais, dans l\u2019enceinte du m\u00e9morial de Buchenwald.\u00a0<\/p>\n<p>Un colloque organis\u00e9 \u00e0 Weimar, la ville distante de 8\u00a0km du camp, a ensuite r\u00e9uni plusieurs sp\u00e9cialistes, dont Claudius Naumann, membre de l\u2019association. Citant les noms des r\u00e9sistants actifs entre Nantes et Brest qui se sont retrouv\u00e9s victimes de la violence nazie comme Georges Berhom\u00e9, d\u00e9clar\u00e9 mort en avril\u00a01945, ou Constant Boucault, \u00e9galement d\u00e9clar\u00e9 mort en f\u00e9vrier\u00a01945.<\/p>\n<p>https:\/\/www.buchenwald.de\/<\/p>\n<p>\u00a0<\/p>\n","protected":false},"excerpt":{"rendered":"Il y a deux ans sortait aux \u00e9ditions Syllepse, le livre de Fran\u00e7ois Pr\u00e9neau, Henri le Dem et&hellip;\n","protected":false},"author":2,"featured_media":497672,"comment_status":"","ping_status":"","sticky":false,"template":"","format":"standard","meta":{"footnotes":""},"categories":[2818],"tags":[1111,11,5538,1777,674,1011,27,766,12,43669,2636,25,24577],"class_list":{"0":"post-497671","1":"post","2":"type-post","3":"status-publish","4":"format-standard","5":"has-post-thumbnail","7":"category-nantes","8":"tag-actu","9":"tag-actualites","10":"tag-buchenwald","11":"tag-eu","12":"tag-europe","13":"tag-fr","14":"tag-france","15":"tag-nantes","16":"tag-news","17":"tag-oubli","18":"tag-pays-de-la-loire","19":"tag-republique-francaise","20":"tag-reunion"},"share_on_mastodon":{"url":"https:\/\/pubeurope.com\/@fr\/115457430996583919","error":""},"_links":{"self":[{"href":"https:\/\/www.europesays.com\/fr\/wp-json\/wp\/v2\/posts\/497671","targetHints":{"allow":["GET"]}}],"collection":[{"href":"https:\/\/www.europesays.com\/fr\/wp-json\/wp\/v2\/posts"}],"about":[{"href":"https:\/\/www.europesays.com\/fr\/wp-json\/wp\/v2\/types\/post"}],"author":[{"embeddable":true,"href":"https:\/\/www.europesays.com\/fr\/wp-json\/wp\/v2\/users\/2"}],"replies":[{"embeddable":true,"href":"https:\/\/www.europesays.com\/fr\/wp-json\/wp\/v2\/comments?post=497671"}],"version-history":[{"count":0,"href":"https:\/\/www.europesays.com\/fr\/wp-json\/wp\/v2\/posts\/497671\/revisions"}],"wp:featuredmedia":[{"embeddable":true,"href":"https:\/\/www.europesays.com\/fr\/wp-json\/wp\/v2\/media\/497672"}],"wp:attachment":[{"href":"https:\/\/www.europesays.com\/fr\/wp-json\/wp\/v2\/media?parent=497671"}],"wp:term":[{"taxonomy":"category","embeddable":true,"href":"https:\/\/www.europesays.com\/fr\/wp-json\/wp\/v2\/categories?post=497671"},{"taxonomy":"post_tag","embeddable":true,"href":"https:\/\/www.europesays.com\/fr\/wp-json\/wp\/v2\/tags?post=497671"}],"curies":[{"name":"wp","href":"https:\/\/api.w.org\/{rel}","templated":true}]}}