{"id":497678,"date":"2025-10-29T12:24:18","date_gmt":"2025-10-29T12:24:18","guid":{"rendered":"https:\/\/www.europesays.com\/fr\/497678\/"},"modified":"2025-10-29T12:24:18","modified_gmt":"2025-10-29T12:24:18","slug":"historique-boe-recevra-les-girondins-de-bordeaux-en-coupe-de-france-tirage-abordable-pour-marmande","status":"publish","type":"post","link":"https:\/\/www.europesays.com\/fr\/497678\/","title":{"rendered":"Historique ! Bo\u00e9 recevra les Girondins de Bordeaux en Coupe de France, tirage abordable pour Marmande"},"content":{"rendered":"<p>            Par<br \/>\n        <strong><br \/>\n            <a href=\"https:\/\/actu.fr\/auteur\/jeremy-colin-actu-fr\" title=\"Consulter tous les articles de Jeremy Colin\" target=\"_blank\" rel=\"noopener\">Jeremy Colin<\/a><br \/>\n        <\/strong><\/p>\n<p>        Publi\u00e9 le<\/p>\n<p>            29 oct. 2025 \u00e0 12h33<br \/>\n        ; mis \u00e0 jour le 29 oct. 2025 \u00e0 12h36    <\/p>\n<p>Le tirage du 7e tour de <a href=\"https:\/\/actu.fr\/sports\/football\/coupe-de-france\" target=\"_blank\" rel=\"noopener\">la Coupe de France<\/a> a livr\u00e9 son verdict, ce mercredi 29\u00a0octobre 2025. <b>Avec encore deux clubs engag\u00e9s<\/b> \u2013 une premi\u00e8re depuis 2010 \u2013 <a href=\"https:\/\/actu.fr\/le-republicain-lot-et-garonne\/\" target=\"_blank\" rel=\"noopener\">le Lot-et-Garonne<\/a> pouvait r\u00eaver \u00e0 de belles affiches.<\/p>\n<p class=\" wall-content\">Si le FC Marmande aura droit \u00e0 <b>un tirage abordable<\/b> mais pouvant \u00eatre un pi\u00e8ge, c\u2019est <b>du tr\u00e8s lourd qui a \u00e9t\u00e9 r\u00e9serv\u00e9 \u00e0 l\u2019Entente Bo\u00e9 Bon-Encontre<\/b> qui accueillera les Girondins de Bordeaux.<\/p>\n<p>Tirage abordable pour le FC Marmande<\/p>\n<p class=\" wall-content\">Moins d\u2019un an apr\u00e8s son exploit d\u2019avoir acc\u00e9d\u00e9 <a href=\"https:\/\/actu.fr\/nouvelle-aquitaine\/marmande_47157\/le-petit-poucet-de-la-coupe-de-france-cruellement-elimine-apres-une-lourde-defaite_62037851.html\" target=\"_blank\" rel=\"noopener\">aux 32es de finale<\/a>, le FC Marmande entrevoit \u00e0 nouveau <b>les plus hautes marches pour un club amateur<\/b> de la Vieille Dame.<\/p>\n<p class=\" wall-content\">Les Marmandais, <b>pensionnaires de R\u00e9gional 1<\/b>, se d\u00e9placeront effectivement \u00e0 Seignosse-Capbreton, actuel cinqui\u00e8me de R\u00e9gional 2.<\/p>\n<p class=\" wall-content\"><b>Au tour pr\u00e9c\u00e9dent<\/b>, <a href=\"https:\/\/actu.fr\/nouvelle-aquitaine\/landes_40\" target=\"_blank\" rel=\"noopener\">les Landais<\/a> ont facilement \u00e9limin\u00e9 l\u2019OFC Ruelle (1-5), club de R\u00e9gional 3.<\/p>\n<p>Vid\u00e9os : en ce moment sur Actu<\/p>\n<p class=\" wall-content\">Sur le papier, le tirage est donc abordable pour le FC Marmande mais <b>la Coupe de France r\u00e9serve bien des surprises<\/b> et ce d\u00e9placement pourrait \u00eatre plus p\u00e9rilleux qu\u2019il n\u2019y para\u00eet.<\/p>\n<p class=\" wall-content\">La rencontre aura donc lieu en terres landaises, sur <b>le week-end du 15 et 16\u00a0novembre 2025<\/b>.<\/p>\n<p>Votre r\u00e9gion, votre actu !<\/p>\n<p>Recevez chaque jour les infos qui comptent pour vous.<\/p>\n<p>\t<a href=\"https:\/\/actu.fr\/newsletter\" class=\"ac-btn ac-btn--corner ac-btn--medium ac-btn--blue800\" target=\"_blank\" rel=\"noopener\">S&rsquo;incrire<\/a><br \/>\nUn match historique pour l\u2019Entente Bo\u00e9 Bon-Encontre<\/p>\n<p class=\" wall-content\">De son c\u00f4t\u00e9, l\u2019Entente Bo\u00e9 Bon-Encontre devrait vivre<b> l\u2019un des matchs les plus importants de son histoire<\/b>, trois ans apr\u00e8s son \u00e9pop\u00e9e qui l\u2019avait men\u00e9e jusqu\u2019au 8e tour de la Coupe de France.<\/p>\n<p class=\" wall-content\">Les banlieusards agenais recevront effectivement<b> un club historique du football fran\u00e7ais<\/b>, <a href=\"https:\/\/actu.fr\/tag\/girondins-de-bordeaux\" target=\"_blank\" rel=\"noopener\">les Girondins de Bordeaux<\/a>, aujourd\u2019hui pensionnaire de Nationale 2.<\/p>\n<p class=\" wall-content\">Si le club aux six titres de champions de France a perdu de son lustre d\u2019antan<b> depuis sa r\u00e9trogradation administrative au niveau amateur<\/b>, en 2024, son aura est rest\u00e9e intacte.<\/p>\n<p class=\" wall-content\"><b>Des milliers de supporters girondins<\/b> pourraient ainsi d\u00e9ferler sur l\u2019Agenais le week-end du 15 et 16\u00a0novembre 2025.<\/p>\n<p>    <img   decoding=\"async\" loading=\"lazy\" class=\"size-large\" src=\"https:\/\/www.europesays.com\/fr\/wp-content\/uploads\/2025\/10\/5eee363c4de86c2fe363c4de877fe3v-960x640.jpg\" alt=\"Girondins\" width=\"960\" height=\"640\"\/><br \/>\n    Des milliers de supporters girondins pourraient d\u00e9ferler dans l\u2019Agenais le week-end du 15 et 16 novembre 2025 puisque les Girondins de Bordeaux (N2) y affronteront l\u2019Entente Bo\u00e9 Bon-Encontre (R1). \u00a9Illustration Actu Bordeaux \/ Rapha\u00ebl Meskine<\/p>\n<p class=\" wall-content\"><b>La question sur le lieu du match <\/b>pourrait alors se poser, le stade de Cancelles de Bo\u00e9 ou m\u00eame le stade Ren\u00e9-Lajunie de Bon-Encontre, d\u2019ordinaire d\u00e9di\u00e9 au rugby, pouvant \u00eatre jug\u00e9s trop \u00e9troits.<\/p>\n<p class=\" wall-content\">Le stade Armandie d\u2019Agen pourrait \u00eatre une solution de repli id\u00e9ale mais <a href=\"https:\/\/actu.fr\/tag\/su-agen-lot-et-garonne\" target=\"_blank\" rel=\"noopener\">le SU Agen<\/a> recevra Oyonnax le vendredi 14\u00a0novembre, pour la 11e journ\u00e9e de Pro D2. <b>Un futur casse-t\u00eate \u00e0 venir\u2009?<\/b><\/p>\n<p class=\" wall-content\">Personnalisez votre actualit\u00e9 en ajoutant vos villes et m\u00e9dias en favori avec <a href=\"https:\/\/moncompte.actu.fr\" title=\"D\u00e9couvez Mon Actu\" rel=\"nofollow noopener\" data-trk=\"{&quot;cta&quot;:{&quot;action&quot;:&quot;https:\\\/\\\/moncompte.actu.fr&quot;,&quot;category&quot;:&quot;mon compte&quot;,&quot;from&quot;:&quot;article footer&quot;,&quot;name&quot;:&quot;Mon actu&quot;,&quot;type&quot;:&quot;cta&quot;}}\" target=\"_blank\">Mon Actu<\/a>.<\/p>\n","protected":false},"excerpt":{"rendered":"Par Jeremy Colin Publi\u00e9 le 29 oct. 2025 \u00e0 12h33 ; mis \u00e0 jour le 29 oct. 2025&hellip;\n","protected":false},"author":2,"featured_media":497679,"comment_status":"","ping_status":"","sticky":false,"template":"","format":"standard","meta":{"footnotes":""},"categories":[2817],"tags":[1111,11,1997,83,15922,1777,674,63,1011,27,2908,12,2219,25,60],"class_list":{"0":"post-497678","1":"post","2":"type-post","3":"status-publish","4":"format-standard","5":"has-post-thumbnail","7":"category-bordeaux","8":"tag-actu","9":"tag-actualites","10":"tag-bordeaux","11":"tag-coupe-de-france","12":"tag-coupe-de-france-de-football","13":"tag-eu","14":"tag-europe","15":"tag-football","16":"tag-fr","17":"tag-france","18":"tag-girondins-de-bordeaux","19":"tag-news","20":"tag-nouvelle-aquitaine","21":"tag-republique-francaise","22":"tag-sports"},"share_on_mastodon":{"url":"https:\/\/pubeurope.com\/@fr\/115457443468487294","error":""},"_links":{"self":[{"href":"https:\/\/www.europesays.com\/fr\/wp-json\/wp\/v2\/posts\/497678","targetHints":{"allow":["GET"]}}],"collection":[{"href":"https:\/\/www.europesays.com\/fr\/wp-json\/wp\/v2\/posts"}],"about":[{"href":"https:\/\/www.europesays.com\/fr\/wp-json\/wp\/v2\/types\/post"}],"author":[{"embeddable":true,"href":"https:\/\/www.europesays.com\/fr\/wp-json\/wp\/v2\/users\/2"}],"replies":[{"embeddable":true,"href":"https:\/\/www.europesays.com\/fr\/wp-json\/wp\/v2\/comments?post=497678"}],"version-history":[{"count":0,"href":"https:\/\/www.europesays.com\/fr\/wp-json\/wp\/v2\/posts\/497678\/revisions"}],"wp:featuredmedia":[{"embeddable":true,"href":"https:\/\/www.europesays.com\/fr\/wp-json\/wp\/v2\/media\/497679"}],"wp:attachment":[{"href":"https:\/\/www.europesays.com\/fr\/wp-json\/wp\/v2\/media?parent=497678"}],"wp:term":[{"taxonomy":"category","embeddable":true,"href":"https:\/\/www.europesays.com\/fr\/wp-json\/wp\/v2\/categories?post=497678"},{"taxonomy":"post_tag","embeddable":true,"href":"https:\/\/www.europesays.com\/fr\/wp-json\/wp\/v2\/tags?post=497678"}],"curies":[{"name":"wp","href":"https:\/\/api.w.org\/{rel}","templated":true}]}}