{"id":497688,"date":"2025-10-29T12:30:20","date_gmt":"2025-10-29T12:30:20","guid":{"rendered":"https:\/\/www.europesays.com\/fr\/497688\/"},"modified":"2025-10-29T12:30:20","modified_gmt":"2025-10-29T12:30:20","slug":"marseille-une-autorisation-tombe-ce-magasin-lidl-peut-sagrandir-en-plein-centre-ville","status":"publish","type":"post","link":"https:\/\/www.europesays.com\/fr\/497688\/","title":{"rendered":"Marseille. Une autorisation tombe, ce magasin Lidl peut s&rsquo;agrandir en plein centre-ville"},"content":{"rendered":"<p>            Par<br \/>\n        <strong><br \/>\n            <a href=\"https:\/\/actu.fr\/auteur\/fabien-binacchi\" title=\"Consulter tous les articles de Fabien Binacchi\" target=\"_blank\" rel=\"noopener\">Fabien Binacchi<\/a><br \/>\n        <\/strong><\/p>\n<p>        Publi\u00e9 le<\/p>\n<p>            29 oct. 2025 \u00e0 12h21        <\/p>\n<p>Le discount va prendre encore un peu plus de place au <a href=\"https:\/\/actu.fr\/provence-alpes-cote-d-azur\/marseille_13055\/marseille-l-avenir-du-centre-commercial-bourse-en-question-c-est-tres-inquietant_62161214.html\" target=\"_blank\" rel=\"noopener\">Centre Bourse<\/a>, \u00e0 <a href=\"https:\/\/actu.fr\/marseille\/\" target=\"_blank\" rel=\"noopener\">Marseille.<\/a> Pendant que <a href=\"https:\/\/actu.fr\/provence-alpes-cote-d-azur\/marseille_13055\/marseille-sur-le-depart-les-galeries-lafayette-vident-leur-stock-et-cassent-les-prix_63290706.html\" target=\"_blank\" rel=\"noopener\">les Galeries Lafayette<\/a> se pr\u00e9parent \u00e0 baisser le rideau, et alors qu\u2019<a href=\"https:\/\/actu.fr\/provence-alpes-cote-d-azur\/vitrolles_13117\/l-enseigne-discount-action-ouvre-un-nouveau-magasin-pres-de-marseille-ce-qu-il-faut-savoir_63356175.html\" target=\"_blank\" rel=\"noopener\">Action<\/a> peaufine son ouverture prochaine, c\u2019est le magasin Lidl qui pourrait bient\u00f4t s\u2019agrandir. Un peu plus d\u2019un an apr\u00e8s son ouverture. L\u2019enseigne alimentaire vient en effet d\u2019obtenir le droit d\u2019<strong>augmenter sa surface de vente de plus de 40\u2009%,<\/strong> selon un arr\u00eat\u00e9 pr\u00e9fectoral consult\u00e9 par actu Marseille.<\/p>\n<p>De 990 \u00e0 1\u2009396 m\u00b2 gr\u00e2ce \u00e0 \u00ab\u2009une cellule vacante\u2009\u00bb<\/p>\n<p class=\" wall-content\">Un am\u00e9nageur mandat\u00e9 par Lidl avait fait une \u00ab\u2009demande d\u2019autorisation d\u2019exploitation commerciale\u2009\u00bb pour \u00ab\u2009une cellule vacante\u2009\u00bb du centre commercial du 1er arrondissement de Marseille. Et elle a \u00e9t\u00e9 <strong>valid\u00e9e en date du 24\u00a0octobre 2025,<\/strong> la Commission d\u00e9partementale d\u2019am\u00e9nagement commercial (CDAC) n\u2019y ayant pas oppos\u00e9 d\u2019\u00e9ventuel veto dans le temps imparti, r\u00e9v\u00e8le un texte sign\u00e9 par la sous-pr\u00e9f\u00e8te des Bouches-du-Rh\u00f4ne.<\/p>\n<p class=\" wall-content\">Cette <strong>\u00ab\u2009autorisation tacite\u2009\u00bb<\/strong> peut permettre au magasin Lidl, dont les caisses sont souvent bond\u00e9es depuis son ouverture en mai 2024, de voir sa surface de vente passer de 990 m\u00b2 \u00e0 1396 m\u00b2, soit plus de 41% d\u2019augmentation.<\/p>\n<p class=\" wall-content\">Sollicit\u00e9e par actu Marseille sur l\u2019enclenchement de travaux et une \u00e9ventuelle date de mise en service, l\u2019enseigne n\u2019avait pas r\u00e9pondu \u00e0 l\u2019heure de la publication de cet article.<\/p>\n<p>Un virage discount depuis un peu plus d\u2019un an<\/p>\n<p class=\" wall-content\">Le Centre Bourse, coinc\u00e9 entre la rue de la R\u00e9publique et <a href=\"https:\/\/actu.fr\/provence-alpes-cote-d-azur\/marseille_13055\/le-quartier-a-change-apres-l-attaque-au-couteau-a-marseille-belsunce-craint-la-montee-de-l-insecurite_63108929.html\" target=\"_blank\" rel=\"noopener\">le quartier populaire de Belsunce,<\/a> s\u2019est engag\u00e9 dans un virage \u00e0 bas prix depuis un peu plus d\u2019un an. Depuis l\u2019arriv\u00e9e de Lidl, <strong>Normal<\/strong> y a \u00e9galement ouvert <a href=\"https:\/\/actu.fr\/provence-alpes-cote-d-azur\/marseille_13055\/normal-ouvre-son-plus-grand-magasin-de-france-a-marseille-voici-ou-et-quand_62443116.html\" target=\"_blank\" rel=\"noopener\">son plus grand point de vente de France<\/a> et le hard discounteur <strong>Action<\/strong> pr\u00e9pare \u00e9galement son arriv\u00e9e.<\/p>\n<p>    <img   decoding=\"async\" loading=\"lazy\" src=\"https:\/\/www.europesays.com\/fr\/wp-content\/uploads\/2025\/10\/img-0911-960x640.jpeg\" alt=\"action centre bourse Marseille\" width=\"960\" height=\"640\"\/><br \/>\n    Un magasin Action ouvrira dans les prochaines semaines au Centre Bourse, dans le 1er arrondissement de Marseille. (\u00a9Fabien Binacchi \/ actu Marseille)<\/p>\n<p class=\" wall-content\">De grands panneaux annoncent une ouverture prochaine juste en face des Galeries Lafayette, dont l\u2019op\u00e9ration de liquidation, en cours jusqu\u2019au 29\u00a0novembre, avait n\u00e9cessit\u00e9 l\u2019intervention de la police apr\u00e8s <strong>des bagarres et des \u00e9chauffour\u00e9es.<\/strong><\/p>\n<p>Votre r\u00e9gion, votre actu !<\/p>\n<p>Recevez chaque jour les infos qui comptent pour vous.<\/p>\n<p>\t<a href=\"https:\/\/actu.fr\/newsletter\" class=\"ac-btn ac-btn--corner ac-btn--medium ac-btn--blue800\" target=\"_blank\" rel=\"noopener\">S&rsquo;incrire<\/a><br \/>\nLidl \u00ab\u2009r\u00e9pond \u00e0 une vraie demande\u2009\u00bb<\/p>\n<p class=\" wall-content\">Sur X, la maire des 1er et 7e arrondissements de Marseille a comment\u00e9 le possible agrandissement du magasin Lidl, qui \u00ab\u2009compl\u00e8te l\u2019offre et r\u00e9pond \u00e0 une vraie demande\u2009\u00bb, dit-elle. \u00ab\u2009Un Carrefour Market existe d\u00e9j\u00e0 et marche au m\u00eame endroit\u2009\u00bb, rappelle l\u2019\u00e9lue, assurant que <strong>\u00ab\u2009la fr\u00e9quentation du Centre Bourse augmente\u2009\u00bb.<\/strong><\/p>\n<p class=\" wall-content\">\n<p class=\" wall-content\">L\u2019avenir du complexe commercial fait en tout cas <a href=\"https:\/\/actu.fr\/provence-alpes-cote-d-azur\/marseille_13055\/municipales-2026-a-marseille-l-avenir-du-centre-bourse-nouveau-terrain-de-jeu-des-candidats_63313080.html\" target=\"_blank\" rel=\"noopener\">l\u2019objet de plusieurs propositions<\/a> des candidats d\u00e9clar\u00e9s, ou non, aux \u00e9lections municipales de mars\u00a02026.<\/p>\n<p class=\" wall-content\">Martine Vassal, \u00e0 droite, a mis <strong>cinq diff\u00e9rentes options<\/strong> au vote des habitants, dans <a href=\"https:\/\/tally.so\/r\/w5yQbZ\" target=\"_blank\" rel=\"noopener\">une \u00ab\u2009consultation en ligne\u2009\u00bb.<\/a> Le RN Franck Allisio, lui, y propose \u00ab\u2009<strong>une vitrine de Marseille<\/strong> autour du mus\u00e9e de l\u2019histoire de la Ville avec une halle gastronomique et un village des cr\u00e9ateurs du Made in Marseille\u2009\u00bb. De son c\u00f4t\u00e9, le maire sortant Beno\u00eet Payan (DVG) explique qu\u2019il verrait bien <strong>\u00ab\u2009un tr\u00e8s grand \u00e9quipement culturel\u2009\u00bb<\/strong> pousser l\u00e0.<\/p>\n<p class=\" wall-content\">Personnalisez votre actualit\u00e9 en ajoutant vos villes et m\u00e9dias en favori avec <a href=\"https:\/\/moncompte.actu.fr\" title=\"D\u00e9couvez Mon Actu\" rel=\"nofollow noopener\" data-trk=\"{&quot;cta&quot;:{&quot;action&quot;:&quot;https:\\\/\\\/moncompte.actu.fr&quot;,&quot;category&quot;:&quot;mon compte&quot;,&quot;from&quot;:&quot;article footer&quot;,&quot;name&quot;:&quot;Mon actu&quot;,&quot;type&quot;:&quot;cta&quot;}}\" target=\"_blank\">Mon Actu<\/a>.<\/p>\n","protected":false},"excerpt":{"rendered":"Par Fabien Binacchi Publi\u00e9 le 29 oct. 2025 \u00e0 12h21 Le discount va prendre encore un peu plus&hellip;\n","protected":false},"author":2,"featured_media":497689,"comment_status":"","ping_status":"","sticky":false,"template":"","format":"standard","meta":{"footnotes":""},"categories":[2814],"tags":[1111,11,215,1777,674,1011,27,18542,884,12,882,25,104],"class_list":{"0":"post-497688","1":"post","2":"type-post","3":"status-publish","4":"format-standard","5":"has-post-thumbnail","7":"category-marseille","8":"tag-actu","9":"tag-actualites","10":"tag-commerce","11":"tag-eu","12":"tag-europe","13":"tag-fr","14":"tag-france","15":"tag-lidl","16":"tag-marseille","17":"tag-news","18":"tag-provence-alpes-cote-dazur","19":"tag-republique-francaise","20":"tag-societe"},"share_on_mastodon":{"url":"https:\/\/pubeurope.com\/@fr\/115457467054173055","error":""},"_links":{"self":[{"href":"https:\/\/www.europesays.com\/fr\/wp-json\/wp\/v2\/posts\/497688","targetHints":{"allow":["GET"]}}],"collection":[{"href":"https:\/\/www.europesays.com\/fr\/wp-json\/wp\/v2\/posts"}],"about":[{"href":"https:\/\/www.europesays.com\/fr\/wp-json\/wp\/v2\/types\/post"}],"author":[{"embeddable":true,"href":"https:\/\/www.europesays.com\/fr\/wp-json\/wp\/v2\/users\/2"}],"replies":[{"embeddable":true,"href":"https:\/\/www.europesays.com\/fr\/wp-json\/wp\/v2\/comments?post=497688"}],"version-history":[{"count":0,"href":"https:\/\/www.europesays.com\/fr\/wp-json\/wp\/v2\/posts\/497688\/revisions"}],"wp:featuredmedia":[{"embeddable":true,"href":"https:\/\/www.europesays.com\/fr\/wp-json\/wp\/v2\/media\/497689"}],"wp:attachment":[{"href":"https:\/\/www.europesays.com\/fr\/wp-json\/wp\/v2\/media?parent=497688"}],"wp:term":[{"taxonomy":"category","embeddable":true,"href":"https:\/\/www.europesays.com\/fr\/wp-json\/wp\/v2\/categories?post=497688"},{"taxonomy":"post_tag","embeddable":true,"href":"https:\/\/www.europesays.com\/fr\/wp-json\/wp\/v2\/tags?post=497688"}],"curies":[{"name":"wp","href":"https:\/\/api.w.org\/{rel}","templated":true}]}}