{"id":497690,"date":"2025-10-29T12:31:14","date_gmt":"2025-10-29T12:31:14","guid":{"rendered":"https:\/\/www.europesays.com\/fr\/497690\/"},"modified":"2025-10-29T12:31:14","modified_gmt":"2025-10-29T12:31:14","slug":"un-couple-de-bijoutiers-a-la-retraite-victime-dun-violent-cambriolage-de-plus-de-500-000-euros","status":"publish","type":"post","link":"https:\/\/www.europesays.com\/fr\/497690\/","title":{"rendered":"un couple de bijoutiers \u00e0 la retraite victime d\u2019un violent cambriolage de plus de 500.000 euros"},"content":{"rendered":"<p>\n    Un couple de bijoutiers retrait\u00e9s \u00e2g\u00e9s de 86 et 95 ans ont \u00e9t\u00e9 victimes d\u2019un violent cambriolage \u00e0 leur domicile au cours duquel pr\u00e8s d\u2019un demi-million d\u2019euros de bijoux et de montres a \u00e9t\u00e9 d\u00e9rob\u00e9 par les voleurs qui ont pris la fuite.<\/p>\n<p class=\"fig-paragraph\">Le 24 octobre dernier, un couple de personnes \u00e2g\u00e9es a \u00e9t\u00e9 victime d\u2019un violent\u00a0<a href=\"http:\/\/www.lefigaro.fr\/conjoncture\/les-douanes-saisissent-800-000-euros-en-liquide-puis-essuient-une-tentative-de-cambriolage-20251026\" data-fig-type=\"NewsFlash\" data-gtm-custom-categorie=\"navigation\" data-gtm-custom-action=\"crossclick\" data-gtm-custom-label=\"Contextuel\" data-gtm-event=\"customEventSPE\" data-fig-domain=\"LEFIGARO\" target=\"_blank\" rel=\"noopener\">cambriolage\u00a0<\/a>\u00e0 leur domicile, dans le 8e arrondissement de Marseille, a appris Le Figaro de sources concordantes, confirmant une information initiale de\u00a0<a href=\"https:\/\/www.laprovence.com\/article\/faits-divers-justice\/4337989805742214\/homejacking-sur-le-prado-a-marseille-les-victimes-nonagenaires-depouillees-de-plus-dun-demi-million-deuros-de-bijoux\" target=\"_blank\" rel=\"sponsored noopener\" data-gtm-custom-categorie=\"navigation\" data-gtm-custom-action=\"crossclick\" data-gtm-custom-label=\"Contextuel\" data-gtm-event=\"customEventSPE\">La Provence.\u00a0<\/a><\/p>\n<p>Agression<\/p>\n<p class=\"fig-paragraph\">Vers 18 heures, deux individus pr\u00e9textant appartenir \u00e0 un r\u00e9seau d\u2019entraide ont frapp\u00e9 au domicile de ce couple de bijoutiers retrait\u00e9s, \u00e2g\u00e9s respectivement de 86 et 95 ans. Une fois la porte ouverte, les cambrioleurs, masqu\u00e9s et gant\u00e9s, ont agress\u00e9 les personnes \u00e2g\u00e9es, fouill\u00e9 la totalit\u00e9 du logement et d\u00e9rob\u00e9 bijoux et montres. Selon le parquet de Marseille, le pr\u00e9judice d\u00e9passe les 500.000 euros. L\u2019une des victimes a d\u00fb \u00eatre hospitalis\u00e9e, tandis que les auteurs ont pris la fuite.<\/p>\n<p>                                    <a class=\"fig-a11y-skip a11y-hidden\" href=\"#fig-a11y-skip-main-inarticle\"><br \/>\n        Passer la publicit\u00e9<br \/>\n    <\/a><\/p>\n<p class=\"fig-paragraph\">\u00c0 ce stade, selon le parquet de Marseille, ils n\u2019ont pas \u00e9t\u00e9 interpell\u00e9s. L\u2019enqu\u00eate ouverte pour vol aggrav\u00e9 et confi\u00e9e \u00e0 la division de la criminalit\u00e9 territoriale se poursuit.<\/p>\n","protected":false},"excerpt":{"rendered":"Un couple de bijoutiers retrait\u00e9s \u00e2g\u00e9s de 86 et 95 ans ont \u00e9t\u00e9 victimes d\u2019un violent cambriolage \u00e0&hellip;\n","protected":false},"author":2,"featured_media":497691,"comment_status":"","ping_status":"","sticky":false,"template":"","format":"standard","meta":{"footnotes":""},"categories":[2814],"tags":[1111,11,5417,1174,1777,674,1011,27,884,12,2571,882,25],"class_list":{"0":"post-497690","1":"post","2":"type-post","3":"status-publish","4":"format-standard","5":"has-post-thumbnail","7":"category-marseille","8":"tag-actu","9":"tag-actualites","10":"tag-bijoux","11":"tag-cambriolage","12":"tag-eu","13":"tag-europe","14":"tag-fr","15":"tag-france","16":"tag-marseille","17":"tag-news","18":"tag-personnes-agees","19":"tag-provence-alpes-cote-dazur","20":"tag-republique-francaise"},"share_on_mastodon":{"url":"https:\/\/pubeurope.com\/@fr\/115457470323563976","error":""},"_links":{"self":[{"href":"https:\/\/www.europesays.com\/fr\/wp-json\/wp\/v2\/posts\/497690","targetHints":{"allow":["GET"]}}],"collection":[{"href":"https:\/\/www.europesays.com\/fr\/wp-json\/wp\/v2\/posts"}],"about":[{"href":"https:\/\/www.europesays.com\/fr\/wp-json\/wp\/v2\/types\/post"}],"author":[{"embeddable":true,"href":"https:\/\/www.europesays.com\/fr\/wp-json\/wp\/v2\/users\/2"}],"replies":[{"embeddable":true,"href":"https:\/\/www.europesays.com\/fr\/wp-json\/wp\/v2\/comments?post=497690"}],"version-history":[{"count":0,"href":"https:\/\/www.europesays.com\/fr\/wp-json\/wp\/v2\/posts\/497690\/revisions"}],"wp:featuredmedia":[{"embeddable":true,"href":"https:\/\/www.europesays.com\/fr\/wp-json\/wp\/v2\/media\/497691"}],"wp:attachment":[{"href":"https:\/\/www.europesays.com\/fr\/wp-json\/wp\/v2\/media?parent=497690"}],"wp:term":[{"taxonomy":"category","embeddable":true,"href":"https:\/\/www.europesays.com\/fr\/wp-json\/wp\/v2\/categories?post=497690"},{"taxonomy":"post_tag","embeddable":true,"href":"https:\/\/www.europesays.com\/fr\/wp-json\/wp\/v2\/tags?post=497690"}],"curies":[{"name":"wp","href":"https:\/\/api.w.org\/{rel}","templated":true}]}}