{"id":497692,"date":"2025-10-29T12:32:12","date_gmt":"2025-10-29T12:32:12","guid":{"rendered":"https:\/\/www.europesays.com\/fr\/497692\/"},"modified":"2025-10-29T12:32:12","modified_gmt":"2025-10-29T12:32:12","slug":"un-lyonnais-victime-dune-tentative-de-meurtre-sans-mobile-apparent","status":"publish","type":"post","link":"https:\/\/www.europesays.com\/fr\/497692\/","title":{"rendered":"un Lyonnais victime d\u2019une tentative de meurtre sans mobile apparent"},"content":{"rendered":"<p>Un passant a \u00e9t\u00e9 victime d\u2019une tentative de meurtre qui a failli lui co\u00fbter la vie, dimanche en d\u00e9but de soir\u00e9e dans le 4e arrondissement de Lyon, a appris Le Progr\u00e8s. Trois jours apr\u00e8s les faits, on ne sait rien de l\u2019auteur, en fuite, et des raisons de ce geste en apparence gratuit.<\/p>\n<p>Selon nos informations, les faits se sont d\u00e9roul\u00e9s entre 19\u00a0h et 19\u00a0h\u00a030, mont\u00e9e Bonafous \u00e0 deux pas du cours d\u2019Herbouville. La victime, un ing\u00e9nieur \u00e2g\u00e9 de 48 ans, regagnait son domicile \u00e0 pied quand, sans aucune raison apparente, un individu l\u2019a attaqu\u00e9 par-derri\u00e8re avec une arme blanche, lui portant plusieurs coups au cou et sur le cr\u00e2ne. \u00c0 aucun moment, il n\u2019a essay\u00e9 de voler le t\u00e9l\u00e9phone ou les effets personnels de la victime, qui a d\u00fb son salut \u00e0 un couple.<\/p>\n<p>Ce contenu est bloqu\u00e9 car vous n&rsquo;avez pas accept\u00e9 les cookies et autres traceurs.<\/p>\n<p>En cliquant sur \u00ab J\u2019accepte \u00bb, les cookies et autres traceurs seront d\u00e9pos\u00e9s et vous pourrez visualiser les contenus  (<a href=\"\" class=\"consentModule_policy\" target=\"_blank\" title=\"Consulter la politique de protection des donn\u00e9es du fournisseur\">plus d&rsquo;informations<\/a>).<\/p>\n<p>En cliquant sur \u00ab J\u2019accepte tous les cookies \u00bb, vous autorisez des d\u00e9p\u00f4ts de cookies et autres traceurs pour le stockage de vos donn\u00e9es sur nos sites et applications \u00e0 des fins de personnalisation et de ciblage publicitaire.<\/p>\n<p class=\"consentModule_secondaryText\">Vous gardez la possibilit\u00e9 de retirer votre consentement \u00e0 tout moment en consultant notre <a href=\"https:\/\/www.leprogres.fr\/protection-des-donnees\" target=\"_blank\" title=\"Consulter notre politique de protection des donn\u00e9es\" rel=\"noopener\">politique de protection des donn\u00e9es<\/a>. <br \/>&#13;<br \/>\n            <a href=\"https:\/\/www.leprogres.fr\/faits-divers-justice\/2025\/10\/29\/javascript:Didomi.notice.show()\" class=\"consentModule_cmp\" target=\"_blank\" rel=\"noopener\">G\u00e9rer mes choix<\/a>&#13;\n        <\/p>\n<p>&#13;<br \/>\n                        J&rsquo;accepte&#13;<br \/>\n            J&rsquo;accepte tous les cookies&#13;\n        <\/p>\n<p>Ces t\u00e9moins ont r\u00e9ussi \u00e0 mettre en fuite l\u2019agresseur puis ont prodigu\u00e9 les premiers gestes d\u2019urgence \u00e0 la victime, gri\u00e8vement bless\u00e9e. Des policiers de la BAC, rapidement sur place, les ont relay\u00e9s pour faire un point de compression en attendant les secours.<\/p>\n<p>  L\u2019agresseur en fuite<\/p>\n<p>Pris en charge en urgence absolue, le bless\u00e9 a \u00e9t\u00e9 transport\u00e9 \u00e0 l\u2019h\u00f4pital de la Croix-Rousse o\u00f9 son \u00e9tat a \u00e9volu\u00e9 favorablement puisque ses jours ne sont plus en danger. Il reste toutefois sous le choc de cette agression au cours de laquelle il s\u2019est vu mourir et dont il ne comprend pas la raison, si ce n\u2019est que son agresseur voulait l\u2019\u00e9gorger.<\/p>\n<p>Il doit \u00eatre entendu ce mercredi par la police, ce qui \u00e9tait jusqu\u2019alors impossible en raison de son \u00e9tat qui l\u2019emp\u00eachait de parler, mais l\u2019enqu\u00eate s\u2019annonce d\u00e9licate, selon une source s\u00e9curitaire. Les enqu\u00eateurs ne disposent pas d\u2019un signalement pr\u00e9cis de l\u2019individu, car la nuit \u00e9tait tomb\u00e9e au moment des faits et il n\u2019y a pas de vid\u00e9osurveillance dans le secteur.<\/p>\n<p>En l\u2019\u00e9tat actuel des investigations, l\u2019hypoth\u00e8se d\u2019un geste gratuit commis par un d\u00e9s\u00e9quilibr\u00e9 l\u2019emporte sur un mobile crapuleux, ce qui est inqui\u00e9tant. Tout est mis en \u0153uvre pour identifier l\u2019auteur de cette <a href=\"https:\/\/www.leprogres.fr\/faits-divers-justice\/2025\/10\/28\/un-blesse-grave-apres-une-rixe-a-l-arme-blanche-pres-de-la-gare-de-la-part-dieu-le-principal-suspect-arrete\" target=\"_blank\" rel=\"noopener\"> tentative de meurtre<\/a> et \u00e9viter une nouvelle attaque.<\/p>\n","protected":false},"excerpt":{"rendered":"Un passant a \u00e9t\u00e9 victime d\u2019une tentative de meurtre qui a failli lui co\u00fbter la vie, dimanche en&hellip;\n","protected":false},"author":2,"featured_media":497693,"comment_status":"","ping_status":"","sticky":false,"template":"","format":"standard","meta":{"footnotes":""},"categories":[1889],"tags":[1111,11,2430,271,272,2757,1777,674,274,107,1011,27,2428,10928,10927,12,25,2429],"class_list":{"0":"post-497692","1":"post","2":"type-post","3":"status-publish","4":"format-standard","5":"has-post-thumbnail","7":"category-lyon","8":"tag-actu","9":"tag-actualites","10":"tag-auvergne-rhone-alpes","11":"tag-crime","12":"tag-delit-et-contravention","13":"tag-edition-lyon-villeurbanne","14":"tag-eu","15":"tag-europe","16":"tag-faits-divers-justice","17":"tag-fil-info","18":"tag-fr","19":"tag-france","20":"tag-lyon","21":"tag-lyon-4e","22":"tag-lyon-4e-arrondissement","23":"tag-news","24":"tag-republique-francaise","25":"tag-rhone"},"share_on_mastodon":{"url":"https:\/\/pubeurope.com\/@fr\/115457474208433566","error":""},"_links":{"self":[{"href":"https:\/\/www.europesays.com\/fr\/wp-json\/wp\/v2\/posts\/497692","targetHints":{"allow":["GET"]}}],"collection":[{"href":"https:\/\/www.europesays.com\/fr\/wp-json\/wp\/v2\/posts"}],"about":[{"href":"https:\/\/www.europesays.com\/fr\/wp-json\/wp\/v2\/types\/post"}],"author":[{"embeddable":true,"href":"https:\/\/www.europesays.com\/fr\/wp-json\/wp\/v2\/users\/2"}],"replies":[{"embeddable":true,"href":"https:\/\/www.europesays.com\/fr\/wp-json\/wp\/v2\/comments?post=497692"}],"version-history":[{"count":0,"href":"https:\/\/www.europesays.com\/fr\/wp-json\/wp\/v2\/posts\/497692\/revisions"}],"wp:featuredmedia":[{"embeddable":true,"href":"https:\/\/www.europesays.com\/fr\/wp-json\/wp\/v2\/media\/497693"}],"wp:attachment":[{"href":"https:\/\/www.europesays.com\/fr\/wp-json\/wp\/v2\/media?parent=497692"}],"wp:term":[{"taxonomy":"category","embeddable":true,"href":"https:\/\/www.europesays.com\/fr\/wp-json\/wp\/v2\/categories?post=497692"},{"taxonomy":"post_tag","embeddable":true,"href":"https:\/\/www.europesays.com\/fr\/wp-json\/wp\/v2\/tags?post=497692"}],"curies":[{"name":"wp","href":"https:\/\/api.w.org\/{rel}","templated":true}]}}