{"id":497694,"date":"2025-10-29T12:33:12","date_gmt":"2025-10-29T12:33:12","guid":{"rendered":"https:\/\/www.europesays.com\/fr\/497694\/"},"modified":"2025-10-29T12:33:12","modified_gmt":"2025-10-29T12:33:12","slug":"rhone-un-homme-poignarde-sans-raison-au-cou-a-lyon-son-agresseur-toujours-en-fuite","status":"publish","type":"post","link":"https:\/\/www.europesays.com\/fr\/497694\/","title":{"rendered":"Rh\u00f4ne. Un homme poignard\u00e9 sans raison au cou \u00e0 Lyon, son agresseur toujours en fuite"},"content":{"rendered":"<p>Se baladant dimanche soir dans les rues de Lyon, un passant a \u00e9t\u00e9 la cible d&rsquo;une tentatvie de meutre en d\u00e9but de soir\u00e9e, selon les informations du <a href=\"https:\/\/www.leprogres.fr\/faits-divers-justice\/2025\/10\/29\/il-poignarde-un-passant-au-cou-un-lyonnais-victime-d-une-tentative-de-meurtre-sans-mobile-apparent\" target=\"_blank\" rel=\"nofollow noopener\">Progr\u00e8s<\/a>.<\/p>\n<p>Entre 19h et 19h30 dans le 4e arrondissement du chef-lieu du Rh\u00f4ne, un ing\u00e9nieur de 48 ans a \u00e9t\u00e9 attaqu\u00e9 par derri\u00e8re avec une arme blanche. Alors qu&rsquo;il \u00e9tait sur le chemin pour rentrer chez lui, l&rsquo;homme a \u00e9t\u00e9 poignard\u00e9 par derri\u00e8re \u00e0 plusieurs reprises au cou et sur le cr\u00e2ne par un individu.<\/p>\n<p>Ce contenu est bloqu\u00e9 car vous n&rsquo;avez pas accept\u00e9 les cookies et autres traceurs.<\/p>\n<p>En cliquant sur \u00ab J\u2019accepte \u00bb, les cookies et autres traceurs seront d\u00e9pos\u00e9s et vous pourrez visualiser les contenus  (<a href=\"\" class=\"consentModule_policy\" target=\"_blank\" title=\"Consulter la politique de protection des donn\u00e9es du fournisseur\">plus d&rsquo;informations<\/a>).<\/p>\n<p>En cliquant sur \u00ab J\u2019accepte tous les cookies \u00bb, vous autorisez des d\u00e9p\u00f4ts de cookies et autres traceurs pour le stockage de vos donn\u00e9es sur nos sites et applications \u00e0 des fins de personnalisation et de ciblage publicitaire.<\/p>\n<p class=\"consentModule_secondaryText\">Vous gardez la possibilit\u00e9 de retirer votre consentement \u00e0 tout moment en consultant notre <a href=\"https:\/\/www.ledauphine.com\/protection-des-donnees\" target=\"_blank\" title=\"Consulter notre politique de protection des donn\u00e9es\" rel=\"nofollow noopener\">politique de protection des donn\u00e9es<\/a>. <br \/>&#13;<br \/>\n            <a href=\"https:\/\/www.ledauphine.com\/faits-divers-justice\/2025\/10\/29\/javascript:Didomi.notice.show()\" class=\"consentModule_cmp\" rel=\"nofollow noopener\" target=\"_blank\">G\u00e9rer mes choix<\/a>&#13;\n        <\/p>\n<p>&#13;<br \/>\n                        J&rsquo;accepte&#13;<br \/>\n            J&rsquo;accepte tous les cookies&#13;\n        <\/p>\n<p>  L&rsquo;enqu\u00eate s&rsquo;annonce complexe<\/p>\n<p>L&rsquo;agresseur, qui a agi sans mobile apparent, a pris la fuite sous la pression de t\u00e9moins venus prodiguer les gestes de premiers secours \u00e0 la victime.\u00a0<\/p>\n<p>En urgence absolue au moment des faits, la victime est d\u00e9sormais hors de danger apr\u00e8s avoir \u00e9t\u00e9 transport\u00e9 \u00e0 l&rsquo;h\u00f4pital. L&rsquo;ing\u00e9nieur reste cependant en \u00e9tat de choc, ne comprenant pas la raison de cette attaque.<\/p>\n<p>Pouvant \u00e0 nouveau parler puisque son \u00e9tat s&rsquo;est stabilis\u00e9, l&rsquo;homme de 48 ans va \u00eatre entendu par la police ce mercredi. L&rsquo;enqu\u00eate s&rsquo;annonce compliqu\u00e9e puisque l&rsquo;agresseur n&rsquo;a pas \u00e9t\u00e9 clairement identifi\u00e9 en raison de la nuit et le quartier o\u00f9 se sont d\u00e9roul\u00e9s les faits n&rsquo;est pas pourvu de vid\u00e9osurveillance. L&rsquo;auteur de la tentative de meutre est donc toujours en fuite.<\/p>\n<p><a href=\"https:\/\/www.leprogres.fr\/faits-divers-justice\/2025\/10\/29\/il-poignarde-un-passant-au-cou-un-lyonnais-victime-d-une-tentative-de-meurtre-sans-mobile-apparent\" target=\"_blank\" rel=\"nofollow noopener\">&gt;&gt; Lire l&rsquo;article du Progr\u00e8s.<\/a><\/p>\n","protected":false},"excerpt":{"rendered":"Se baladant dimanche soir dans les rues de Lyon, un passant a \u00e9t\u00e9 la cible d&rsquo;une tentatvie de&hellip;\n","protected":false},"author":2,"featured_media":497695,"comment_status":"","ping_status":"","sticky":false,"template":"","format":"standard","meta":{"footnotes":""},"categories":[1889],"tags":[1111,11,2430,1777,674,274,107,1011,27,329,2428,12,25],"class_list":{"0":"post-497694","1":"post","2":"type-post","3":"status-publish","4":"format-standard","5":"has-post-thumbnail","7":"category-lyon","8":"tag-actu","9":"tag-actualites","10":"tag-auvergne-rhone-alpes","11":"tag-eu","12":"tag-europe","13":"tag-faits-divers-justice","14":"tag-fil-info","15":"tag-fr","16":"tag-france","17":"tag-france-monde","18":"tag-lyon","19":"tag-news","20":"tag-republique-francaise"},"share_on_mastodon":{"url":"https:\/\/pubeurope.com\/@fr\/115457478030080893","error":""},"_links":{"self":[{"href":"https:\/\/www.europesays.com\/fr\/wp-json\/wp\/v2\/posts\/497694","targetHints":{"allow":["GET"]}}],"collection":[{"href":"https:\/\/www.europesays.com\/fr\/wp-json\/wp\/v2\/posts"}],"about":[{"href":"https:\/\/www.europesays.com\/fr\/wp-json\/wp\/v2\/types\/post"}],"author":[{"embeddable":true,"href":"https:\/\/www.europesays.com\/fr\/wp-json\/wp\/v2\/users\/2"}],"replies":[{"embeddable":true,"href":"https:\/\/www.europesays.com\/fr\/wp-json\/wp\/v2\/comments?post=497694"}],"version-history":[{"count":0,"href":"https:\/\/www.europesays.com\/fr\/wp-json\/wp\/v2\/posts\/497694\/revisions"}],"wp:featuredmedia":[{"embeddable":true,"href":"https:\/\/www.europesays.com\/fr\/wp-json\/wp\/v2\/media\/497695"}],"wp:attachment":[{"href":"https:\/\/www.europesays.com\/fr\/wp-json\/wp\/v2\/media?parent=497694"}],"wp:term":[{"taxonomy":"category","embeddable":true,"href":"https:\/\/www.europesays.com\/fr\/wp-json\/wp\/v2\/categories?post=497694"},{"taxonomy":"post_tag","embeddable":true,"href":"https:\/\/www.europesays.com\/fr\/wp-json\/wp\/v2\/tags?post=497694"}],"curies":[{"name":"wp","href":"https:\/\/api.w.org\/{rel}","templated":true}]}}