{"id":497700,"date":"2025-10-29T12:37:22","date_gmt":"2025-10-29T12:37:22","guid":{"rendered":"https:\/\/www.europesays.com\/fr\/497700\/"},"modified":"2025-10-29T12:37:22","modified_gmt":"2025-10-29T12:37:22","slug":"la-procureure-de-paris-donnera-une-conference-de-presse-ce-mercredi-a-17-heures","status":"publish","type":"post","link":"https:\/\/www.europesays.com\/fr\/497700\/","title":{"rendered":"la procureure de Paris donnera une conf\u00e9rence de presse ce mercredi \u00e0 17 heures"},"content":{"rendered":"<p class=\"mb-4 text-lg md:leading-8 break-words\">La procureure de Paris Laure Beccuau donnera \u00e0 17 heures, ce mercredi 29 octobre, une conf\u00e9rence de presse au tribunal judiciaire de Paris consacr\u00e9e au <a href=\"https:\/\/www.bfmtv.com\/politique\/parlement\/direct-cambriolage-au-louvre-rachida-dati-auditionnee-par-les-senateurs-de-la-commission-de-la-culture_LN-202510280624.html\" rel=\"nofollow noopener\" target=\"_blank\" data-ylk=\"slk:casse du Louvre;elm:context_link;itc:0;sec:content-canvas\" class=\"link \">casse du Louvre<\/a> qui a fait le tour de la plan\u00e8te, a indiqu\u00e9 le parquet. Elle sera retransmise en direct sur BFMTV.<\/p>\n<p class=\"mb-4 text-lg md:leading-8 break-words\">Deux suspects de ce cambriolage, au butin estim\u00e9 \u00e0 88 millions d&rsquo;euros, ont \u00e9t\u00e9 interpell\u00e9s samedi soir et leur gardes \u00e0 vue devraient prendre fin dans la journ\u00e9e, avant leurs possibles d\u00e9f\u00e8rements et mises en examen. Les bijoux d\u00e9rob\u00e9s n&rsquo;ont pour l&rsquo;heure pas \u00e9t\u00e9 retrouv\u00e9s.<\/p>\n<p class=\"mb-4 text-lg md:leading-8 break-words\"><b>&gt;&gt;&gt; Plus d&rsquo;informations \u00e0 suivre sur BFMTV.com<\/b><\/p>\n<p class=\"mb-4 text-lg md:leading-8 break-words\"><a href=\"https:\/\/www.bfmtv.com\/police-justice\/cambriolage-au-louvre-la-procureure-de-paris-donnera-une-conference-de-presse-ce-mercredi-a-17-heures_AD-202510290460.html#xtor=AL-68\" rel=\"nofollow noopener\" target=\"_blank\" data-ylk=\"slk:Article original publi\u00e9 sur BFMTV.com;elm:context_link;itc:0;sec:content-canvas\" class=\"link \">Article original publi\u00e9 sur BFMTV.com<\/a><\/p>\n","protected":false},"excerpt":{"rendered":"La procureure de Paris Laure Beccuau donnera \u00e0 17 heures, ce mercredi 29 octobre, une conf\u00e9rence de presse&hellip;\n","protected":false},"author":2,"featured_media":497701,"comment_status":"","ping_status":"","sticky":false,"template":"","format":"standard","meta":{"footnotes":""},"categories":[1888],"tags":[1111,1928,11,1927,1153,1777,674,1011,27,33238,12,1926,626,1925,25,5817],"class_list":{"0":"post-497700","1":"post","2":"type-post","3":"status-publish","4":"format-standard","5":"has-post-thumbnail","7":"category-paris","8":"tag-actu","9":"tag-actu-paris","10":"tag-actualites","11":"tag-actualites-paris","12":"tag-conference-de-presse","13":"tag-eu","14":"tag-europe","15":"tag-fr","16":"tag-france","17":"tag-laure-beccuau","18":"tag-news","19":"tag-news-paris","20":"tag-paris","21":"tag-paris-news","22":"tag-republique-francaise","23":"tag-tribunal-judiciaire-de-paris"},"share_on_mastodon":{"url":"https:\/\/pubeurope.com\/@fr\/115457493992766916","error":""},"_links":{"self":[{"href":"https:\/\/www.europesays.com\/fr\/wp-json\/wp\/v2\/posts\/497700","targetHints":{"allow":["GET"]}}],"collection":[{"href":"https:\/\/www.europesays.com\/fr\/wp-json\/wp\/v2\/posts"}],"about":[{"href":"https:\/\/www.europesays.com\/fr\/wp-json\/wp\/v2\/types\/post"}],"author":[{"embeddable":true,"href":"https:\/\/www.europesays.com\/fr\/wp-json\/wp\/v2\/users\/2"}],"replies":[{"embeddable":true,"href":"https:\/\/www.europesays.com\/fr\/wp-json\/wp\/v2\/comments?post=497700"}],"version-history":[{"count":0,"href":"https:\/\/www.europesays.com\/fr\/wp-json\/wp\/v2\/posts\/497700\/revisions"}],"wp:featuredmedia":[{"embeddable":true,"href":"https:\/\/www.europesays.com\/fr\/wp-json\/wp\/v2\/media\/497701"}],"wp:attachment":[{"href":"https:\/\/www.europesays.com\/fr\/wp-json\/wp\/v2\/media?parent=497700"}],"wp:term":[{"taxonomy":"category","embeddable":true,"href":"https:\/\/www.europesays.com\/fr\/wp-json\/wp\/v2\/categories?post=497700"},{"taxonomy":"post_tag","embeddable":true,"href":"https:\/\/www.europesays.com\/fr\/wp-json\/wp\/v2\/tags?post=497700"}],"curies":[{"name":"wp","href":"https:\/\/api.w.org\/{rel}","templated":true}]}}