{"id":497709,"date":"2025-10-29T12:43:20","date_gmt":"2025-10-29T12:43:20","guid":{"rendered":"https:\/\/www.europesays.com\/fr\/497709\/"},"modified":"2025-10-29T12:43:20","modified_gmt":"2025-10-29T12:43:20","slug":"il-avoue-avoir-tue-quatre-de-ses-enfants-et-place-leurs-corps-dans-le-coffre-de-sa-voiture","status":"publish","type":"post","link":"https:\/\/www.europesays.com\/fr\/497709\/","title":{"rendered":"Il avoue avoir tu\u00e9 quatre de ses enfants et plac\u00e9 leurs corps dans le coffre de sa voiture"},"content":{"rendered":"<p>Il sera poursuivi pour quatre <a href=\"https:\/\/www.20minutes.fr\/dossier\/meurtre\" class=\"c-link c-link--is-underlined\" target=\"_blank\" rel=\"noopener\">meurtres<\/a>. Un homme de 38 ans a \u00e9t\u00e9 mis en examen ce mardi en Caroline du Nord (<a href=\"https:\/\/www.20minutes.fr\/monde\/etats-unis\/\" class=\"c-link c-link--is-underlined\" target=\"_blank\" rel=\"noopener\">\u00c9tats-Unis<\/a>) apr\u00e8s avoir appel\u00e9 la police pour se rendre. Il aurait tu\u00e9 quatre de ses cinq <a href=\"https:\/\/www.20minutes.fr\/dossier\/enfant\" class=\"c-link c-link--is-underlined\" target=\"_blank\" rel=\"noopener\">enfants<\/a>, rapporte\u00a0<a href=\"https:\/\/eu.usatoday.com\/story\/news\/nation\/2025\/10\/28\/father-children-car-trunk-garage-north-carolina\/86953865007\/\" target=\"_blank\" class=\"c-link c-link--is-underlined\" rel=\"noopener\">USA Today<\/a>.<\/p>\n<p>Le p\u00e8re de famille a lui-m\u00eame compos\u00e9 le 911 ce lundi matin et avou\u00e9 les <a href=\"https:\/\/www.20minutes.fr\/societe\/infanticide\/\" class=\"c-link c-link--is-underlined\" target=\"_blank\" rel=\"noopener\">infanticides<\/a>. Un important dispositif <a href=\"https:\/\/www.20minutes.fr\/dossier\/policier\" class=\"c-link c-link--is-underlined\" target=\"_blank\" rel=\"noopener\">policier<\/a> a \u00e9t\u00e9 mobilis\u00e9 pour se rendre au domicile du suspect. Conform\u00e9ment aux d\u00e9clarations du trentenaire, les agents ont d\u00e9couvert un de ses fils, \u00e2g\u00e9 de 3 ans, vivant et indemne dans la maison.<\/p>\n<p>Des victimes de 6 \u00e0 18 ans<\/p>\n<p>L\u2019homme avait indiqu\u00e9 avoir tu\u00e9 ses quatre autres enfants et avoir plac\u00e9 leurs <a href=\"https:\/\/www.20minutes.fr\/dossier\/corps\" class=\"c-link c-link--is-underlined\" target=\"_blank\" rel=\"noopener\">corps<\/a> dans le coffre de sa <a href=\"https:\/\/www.20minutes.fr\/dossier\/voiture\" class=\"c-link c-link--is-underlined\" target=\"_blank\" rel=\"noopener\">voiture<\/a>. Les <a href=\"https:\/\/www.20minutes.fr\/societe\/cadavre\/\" class=\"c-link c-link--is-underlined\" target=\"_blank\" rel=\"noopener\">cadavres<\/a> ont en effet \u00e9t\u00e9 d\u00e9couverts \u00e0 l\u2019arri\u00e8re du v\u00e9hicule dans le garage. Selon les premiers \u00e9l\u00e9ments, ils auraient \u00e9t\u00e9 tu\u00e9s il y a plusieurs semaines ou mois.<\/p>\n<p>Les quatre victimes sont le beau-fils du suspect, \u00e2g\u00e9 de 18 ans, ainsi que trois de ses enfants biologiques \u00e2g\u00e9s de 6, 9 et 10 ans. Selon les premiers \u00e9l\u00e9ments de l\u2019enqu\u00eate, ils auraient pu \u00eatre tu\u00e9s en mai dernier. La m\u00e8re des victimes et compagne du suspect \u00e9tait elle-m\u00eame d\u00e9c\u00e9d\u00e9e en avril\u00a02024.<\/p>\n<\/p>\n<p>Le suspect, un v\u00e9t\u00e9ran de l\u2019arm\u00e9e am\u00e9ricaine ayant combattu en Irak, a \u00e9t\u00e9 incarc\u00e9r\u00e9 sans possibilit\u00e9 de lib\u00e9ration pour le moment. Une premi\u00e8re audience dans l\u2019affaire de ce quadruple infanticide aura lieu le 13\u00a0novembre prochain.<\/p>\n","protected":false},"excerpt":{"rendered":"Il sera poursuivi pour quatre meurtres. Un homme de 38 ans a \u00e9t\u00e9 mis en examen ce mardi&hellip;\n","protected":false},"author":2,"featured_media":497710,"comment_status":"","ping_status":"","sticky":false,"template":"","format":"standard","meta":{"footnotes":""},"categories":[1589],"tags":[47,11,2441,847,1067,73,1866,3492,777,74,12,1072,1864,1865,1863,308],"class_list":{"0":"post-497709","1":"post","2":"type-post","3":"status-publish","4":"format-standard","5":"has-post-thumbnail","7":"category-etats-unis","8":"tag-actualite","9":"tag-actualites","10":"tag-arrestation","11":"tag-enfant","12":"tag-enquete","13":"tag-etats-unis","14":"tag-etats-unis-damerique","15":"tag-infanticide","16":"tag-meurtre","17":"tag-monde","18":"tag-news","19":"tag-police","20":"tag-united-states","21":"tag-united-states-of-america","22":"tag-us","23":"tag-usa"},"share_on_mastodon":{"url":"https:\/\/pubeurope.com\/@fr\/115457517427531215","error":""},"_links":{"self":[{"href":"https:\/\/www.europesays.com\/fr\/wp-json\/wp\/v2\/posts\/497709","targetHints":{"allow":["GET"]}}],"collection":[{"href":"https:\/\/www.europesays.com\/fr\/wp-json\/wp\/v2\/posts"}],"about":[{"href":"https:\/\/www.europesays.com\/fr\/wp-json\/wp\/v2\/types\/post"}],"author":[{"embeddable":true,"href":"https:\/\/www.europesays.com\/fr\/wp-json\/wp\/v2\/users\/2"}],"replies":[{"embeddable":true,"href":"https:\/\/www.europesays.com\/fr\/wp-json\/wp\/v2\/comments?post=497709"}],"version-history":[{"count":0,"href":"https:\/\/www.europesays.com\/fr\/wp-json\/wp\/v2\/posts\/497709\/revisions"}],"wp:featuredmedia":[{"embeddable":true,"href":"https:\/\/www.europesays.com\/fr\/wp-json\/wp\/v2\/media\/497710"}],"wp:attachment":[{"href":"https:\/\/www.europesays.com\/fr\/wp-json\/wp\/v2\/media?parent=497709"}],"wp:term":[{"taxonomy":"category","embeddable":true,"href":"https:\/\/www.europesays.com\/fr\/wp-json\/wp\/v2\/categories?post=497709"},{"taxonomy":"post_tag","embeddable":true,"href":"https:\/\/www.europesays.com\/fr\/wp-json\/wp\/v2\/tags?post=497709"}],"curies":[{"name":"wp","href":"https:\/\/api.w.org\/{rel}","templated":true}]}}