{"id":497713,"date":"2025-10-29T12:45:21","date_gmt":"2025-10-29T12:45:21","guid":{"rendered":"https:\/\/www.europesays.com\/fr\/497713\/"},"modified":"2025-10-29T12:45:21","modified_gmt":"2025-10-29T12:45:21","slug":"la-tempete-declenchee-par-friedrich-merz-sur-limmigration-continue-le-ministre-de-la-sante-admet-quil-existe-bel-et-bien-des-zones-interdites-en-allemagne","status":"publish","type":"post","link":"https:\/\/www.europesays.com\/fr\/497713\/","title":{"rendered":"La temp\u00eate d\u00e9clench\u00e9e par Friedrich Merz sur l\u2019immigration continue : le ministre de la Sant\u00e9 admet qu&rsquo;il existe bel et bien des \u00ab zones interdites \u00bb en Allemagne"},"content":{"rendered":"<p>Temp\u00eate Merz<\/p>\n<p>Les propos de Friedrich Merz sur la criminalit\u00e9 li\u00e9e \u00e0 l\u2019immigration ont mis le feu aux poudres en Allemagne, r\u00e9v\u00e9lant une fracture profonde au sein de la CDU. Tandis que la ministre Nina Warken admet l\u2019existence de \u00ab no-go zones \u00bb pour les femmes et que l\u2019ex-chanceli\u00e8re Angela Merkel critique \u00e0 distance son successeur, le d\u00e9bat sur l\u2019ins\u00e9curit\u00e9 et l\u2019immigration tourne \u00e0 la guerre des symboles. Une pol\u00e9mique qui, loin d\u2019affaiblir la droite populiste, profite \u00e0 l\u2019AfD, d\u00e9sormais en pleine ascension dans les sondages.<\/p>\n","protected":false},"excerpt":{"rendered":"Temp\u00eate Merz Les propos de Friedrich Merz sur la criminalit\u00e9 li\u00e9e \u00e0 l\u2019immigration ont mis le feu aux&hellip;\n","protected":false},"author":2,"featured_media":497714,"comment_status":"","ping_status":"","sticky":false,"template":"","format":"standard","meta":{"footnotes":""},"categories":[1587],"tags":[11,1862,672,6388,1804,1805,1803,1777,674,4710,1801,12,316,1802],"class_list":{"0":"post-497713","1":"post","2":"type-post","3":"status-publish","4":"format-standard","5":"has-post-thumbnail","7":"category-allemagne","8":"tag-actualites","9":"tag-afd","10":"tag-allemagne","11":"tag-angela-merkel","12":"tag-bundesrepublik-deutschland","13":"tag-de","14":"tag-deutschland","15":"tag-eu","16":"tag-europe","17":"tag-friedrich-merz","18":"tag-germany","19":"tag-news","20":"tag-politique","21":"tag-republique-federale-dallemagne"},"share_on_mastodon":{"url":"https:\/\/pubeurope.com\/@fr\/115457525261211375","error":""},"_links":{"self":[{"href":"https:\/\/www.europesays.com\/fr\/wp-json\/wp\/v2\/posts\/497713","targetHints":{"allow":["GET"]}}],"collection":[{"href":"https:\/\/www.europesays.com\/fr\/wp-json\/wp\/v2\/posts"}],"about":[{"href":"https:\/\/www.europesays.com\/fr\/wp-json\/wp\/v2\/types\/post"}],"author":[{"embeddable":true,"href":"https:\/\/www.europesays.com\/fr\/wp-json\/wp\/v2\/users\/2"}],"replies":[{"embeddable":true,"href":"https:\/\/www.europesays.com\/fr\/wp-json\/wp\/v2\/comments?post=497713"}],"version-history":[{"count":0,"href":"https:\/\/www.europesays.com\/fr\/wp-json\/wp\/v2\/posts\/497713\/revisions"}],"wp:featuredmedia":[{"embeddable":true,"href":"https:\/\/www.europesays.com\/fr\/wp-json\/wp\/v2\/media\/497714"}],"wp:attachment":[{"href":"https:\/\/www.europesays.com\/fr\/wp-json\/wp\/v2\/media?parent=497713"}],"wp:term":[{"taxonomy":"category","embeddable":true,"href":"https:\/\/www.europesays.com\/fr\/wp-json\/wp\/v2\/categories?post=497713"},{"taxonomy":"post_tag","embeddable":true,"href":"https:\/\/www.europesays.com\/fr\/wp-json\/wp\/v2\/tags?post=497713"}],"curies":[{"name":"wp","href":"https:\/\/api.w.org\/{rel}","templated":true}]}}