{"id":497715,"date":"2025-10-29T12:47:39","date_gmt":"2025-10-29T12:47:39","guid":{"rendered":"https:\/\/www.europesays.com\/fr\/497715\/"},"modified":"2025-10-29T12:47:39","modified_gmt":"2025-10-29T12:47:39","slug":"le-conseil-de-leurope-met-en-garde-la-georgie-contre-linstauration-dune-dictature-a-parti-unique","status":"publish","type":"post","link":"https:\/\/www.europesays.com\/fr\/497715\/","title":{"rendered":"Le Conseil de l\u2019Europe met en garde la G\u00e9orgie contre l\u2019instauration d\u2019\u00abune dictature \u00e0 parti unique\u00bb"},"content":{"rendered":"<p>\n    La Cour constitutionnelle g\u00e9orgienne, largement consid\u00e9r\u00e9e comme inf\u00e9od\u00e9e au parti au pouvoir, a neuf mois pour statuer sur l\u2019interdiction des trois partis d\u2019opposition.<\/p>\n<p class=\"fig-paragraph\">Les vell\u00e9it\u00e9s du pouvoir g\u00e9orgien d&rsquo;interdire les trois principales forces d&rsquo;opposition risquent de plonger le pays dans \u00abune dictature \u00e0 parti unique\u00bb, avertissent mercredi des hauts responsables du\u00a0<a href=\"https:\/\/www.lefigaro.fr\/tag\/conseil-de-l-europe\" target=\"_blank\" rel=\"sponsored noopener nofollow\" data-gtm-custom-categorie=\"navigation\" data-gtm-custom-action=\"crossclick\" data-gtm-custom-label=\"Contextuel\" data-gtm-event=\"customEventSPE\">Conseil de l&rsquo;Europe<\/a>. Le parti au pouvoir en\u00a0<a href=\"https:\/\/www.lefigaro.fr\/tag\/georgie\" target=\"_blank\" rel=\"sponsored noopener nofollow\" data-gtm-custom-categorie=\"navigation\" data-gtm-custom-action=\"crossclick\" data-gtm-custom-label=\"Contextuel\" data-gtm-event=\"customEventSPE\">G\u00e9orgie\u00a0<\/a>a indiqu\u00e9 mardi avoir demand\u00e9 \u00e0 la Cour constitutionnelle de ce pays du Caucase d&rsquo;interdire trois partis d&rsquo;opposition, accus\u00e9s de \u00absaper la l\u00e9gitimit\u00e9 du gouvernement et d&rsquo;\u0153uvrer contre l&rsquo;ordre constitutionnel\u00bb.<\/p>\n<p class=\"fig-paragraph\">En r\u00e9action, les deux rapporteuses de l&rsquo;Assembl\u00e9e parlementaire du Conseil de l&rsquo;Europe charg\u00e9es de la G\u00e9orgie, Edite Estrela et Sabina Cudic, appellent dans un communiqu\u00e9 le pouvoir g\u00e9orgien \u00e0 revenir sur cette initiative. \u00abInterdire l&rsquo;opposition d\u00e9mocratique \u00e9tablirait de fait une dictature \u00e0 parti unique et serait incompatible avec la pr\u00e9sence (de la G\u00e9orgie) au Conseil de l&rsquo;Europe\u00bb, \u00e9crivent-elles. La G\u00e9orgie est l&rsquo;un des 46 pays membres du Conseil de l&rsquo;Europe, vigie de la d\u00e9mocratie et des droits de l&rsquo;homme sur le continent.<\/p>\n<p>                                    <a class=\"fig-a11y-skip a11y-hidden\" href=\"#fig-a11y-skip-main-inarticle\"><br \/>\n        Passer la publicit\u00e9<br \/>\n    <\/a><\/p>\n<p>\u00abDernier pas vers le r\u00e8gne de la terreur en G\u00e9orgie\u00bb<\/p>\n<p class=\"fig-paragraph\">Les deux co-rapporteuses ajoutent dans leur communiqu\u00e9 qu&rsquo;elles comptent effectuer une visite \u00e0 Tbilissi avant la fin de l&rsquo;ann\u00e9e. La Cour constitutionnelle g\u00e9orgienne, largement consid\u00e9r\u00e9e comme inf\u00e9od\u00e9e au parti au pouvoir, a neuf mois pour statuer sur l&rsquo;interdiction des trois partis d&rsquo;opposition. L&rsquo;ex-pr\u00e9sidente Salom\u00e9 Zourabichvili, qui s&rsquo;\u00e9tait jointe \u00e0 l&rsquo;opposition apr\u00e8s les l\u00e9gislatives, a qualifi\u00e9 l&rsquo;initiative du parti au pouvoir de \u00abdernier pas vers le r\u00e8gne de la terreur en G\u00e9orgie\u00bb, estimant qu&rsquo;elle visait \u00e0 plonger le pays dans un \u00abr\u00e9gime autoritaire de style russe\u00bb.<\/p>\n<p class=\"fig-paragraph\">Au pouvoir depuis 2012, le R\u00eave g\u00e9orgien, men\u00e9 par le milliardaire Bidzina Ivanichvili, est accus\u00e9 par l&rsquo;opposition de s&rsquo;en prendre \u00e0 l&rsquo;\u00c9tat de droit et \u00e0 la d\u00e9mocratie, et de rapprocher le pays de la Russie de Vladimir Poutine en se d\u00e9tournant de l&rsquo;objectif d&rsquo;int\u00e9gration dans l&rsquo;Union europ\u00e9enne.<\/p>\n","protected":false},"excerpt":{"rendered":"La Cour constitutionnelle g\u00e9orgienne, largement consid\u00e9r\u00e9e comme inf\u00e9od\u00e9e au parti au pouvoir, a neuf mois pour statuer sur&hellip;\n","protected":false},"author":2,"featured_media":497716,"comment_status":"","ping_status":"","sticky":false,"template":"","format":"standard","meta":{"footnotes":""},"categories":[1586],"tags":[11,7577,7756,41125,1777,674,1011,27,12337,12,25],"class_list":{"0":"post-497715","1":"post","2":"type-post","3":"status-publish","4":"format-standard","5":"has-post-thumbnail","7":"category-europe","8":"tag-actualites","9":"tag-conseil-de-leurope","10":"tag-democratie","11":"tag-dictature","12":"tag-eu","13":"tag-europe","14":"tag-fr","15":"tag-france","16":"tag-georgie","17":"tag-news","18":"tag-republique-francaise"},"share_on_mastodon":{"url":"https:\/\/pubeurope.com\/@fr\/115457533098147587","error":""},"_links":{"self":[{"href":"https:\/\/www.europesays.com\/fr\/wp-json\/wp\/v2\/posts\/497715","targetHints":{"allow":["GET"]}}],"collection":[{"href":"https:\/\/www.europesays.com\/fr\/wp-json\/wp\/v2\/posts"}],"about":[{"href":"https:\/\/www.europesays.com\/fr\/wp-json\/wp\/v2\/types\/post"}],"author":[{"embeddable":true,"href":"https:\/\/www.europesays.com\/fr\/wp-json\/wp\/v2\/users\/2"}],"replies":[{"embeddable":true,"href":"https:\/\/www.europesays.com\/fr\/wp-json\/wp\/v2\/comments?post=497715"}],"version-history":[{"count":0,"href":"https:\/\/www.europesays.com\/fr\/wp-json\/wp\/v2\/posts\/497715\/revisions"}],"wp:featuredmedia":[{"embeddable":true,"href":"https:\/\/www.europesays.com\/fr\/wp-json\/wp\/v2\/media\/497716"}],"wp:attachment":[{"href":"https:\/\/www.europesays.com\/fr\/wp-json\/wp\/v2\/media?parent=497715"}],"wp:term":[{"taxonomy":"category","embeddable":true,"href":"https:\/\/www.europesays.com\/fr\/wp-json\/wp\/v2\/categories?post=497715"},{"taxonomy":"post_tag","embeddable":true,"href":"https:\/\/www.europesays.com\/fr\/wp-json\/wp\/v2\/tags?post=497715"}],"curies":[{"name":"wp","href":"https:\/\/api.w.org\/{rel}","templated":true}]}}