{"id":497723,"date":"2025-10-29T12:54:18","date_gmt":"2025-10-29T12:54:18","guid":{"rendered":"https:\/\/www.europesays.com\/fr\/497723\/"},"modified":"2025-10-29T12:54:18","modified_gmt":"2025-10-29T12:54:18","slug":"en-direct-coupe-de-france-de-football-un-tirage-au-sort-irreel-pour-le-petit-poucet-allinges-un-possible-choc-fc-annecy","status":"publish","type":"post","link":"https:\/\/www.europesays.com\/fr\/497723\/","title":{"rendered":"En direct Coupe de France de football. Un \u00ab tirage au sort irr\u00e9el \u00bb pour le Petit Poucet Allinges, un possible choc FC Annecy"},"content":{"rendered":"<p><strong>Maxime Brunet, milieu de terrain de l\u2019Olympique de Villefontaine (R\u00e9gional 2) qui recevra le GF38\u00a0:<\/strong><\/p>\n<p>\u00ab\u00a0C\u2019est magnifique\u00a0! C\u2019est le tirage que je souhaitais, \u00e7a vient r\u00e9compenser notre beau parcours apr\u00e8s avoir \u00e9limin\u00e9 Villefranche (National, 0-0, 6-5 tab, au 5e tour, ndlr) et Chamb\u00e9ry (R1, 1-0, au 4e tour). On a jou\u00e9 des matches compliqu\u00e9s aussi depuis le d\u00e9but de cette aventure et c\u2019est vraiment une r\u00e9compense pour nous d\u2019affronter Grenoble.<\/p>\n<p>O\u00f9 on va jouer\u00a0? Je ne sais pas encore, les dirigeants vont en d\u00e9cider, mais moi, mon souhait, ce sera de jouer au Stade des Alpes. Un grand stade, une pelouse impeccable, ce serait parfait. C\u2019est le match d\u2019une vie\u00a0! Sinon, Pierre-Rajon \u00e0 Bourgoin-Jallieu, oui, c\u2019est le compromis id\u00e9al pour tout le monde aussi. On verra. En tout cas, on est tous tr\u00e8s heureux dans l\u2019\u00e9quipe\u00a0!\u00a0\u00bb<\/p>\n","protected":false},"excerpt":{"rendered":"Maxime Brunet, milieu de terrain de l\u2019Olympique de Villefontaine (R\u00e9gional 2) qui recevra le GF38\u00a0: \u00ab\u00a0C\u2019est magnifique\u00a0! C\u2019est&hellip;\n","protected":false},"author":2,"featured_media":497724,"comment_status":"","ping_status":"","sticky":false,"template":"","format":"standard","meta":{"footnotes":""},"categories":[4],"tags":[11,62027,3853,3854,3855,4646,6184,6185,15922,2730,3856,4645,115,4637,112,6436,3859,62025,20116,107,1701,63,1011,27,12637,2731,2732,4638,108,62026,12,17022,57402,25,16735,517,1947,37753,37756,37754,4520,49770],"class_list":{"0":"post-497723","1":"post","2":"type-post","3":"status-publish","4":"format-standard","5":"has-post-thumbnail","7":"category-france","8":"tag-actualites","9":"tag-allinges","10":"tag-annecy","11":"tag-annecy-bassin","12":"tag-annecy-region","13":"tag-ardeche","14":"tag-avignon","15":"tag-avignon-bassin","16":"tag-coupe-de-france-de-football","17":"tag-drome","18":"tag-edition-annecy-rumilly-les-aravis","19":"tag-edition-aubenas-privas-vallee-du-rhone","20":"tag-edition-bourgoin-jallieu-nord-dauphine","21":"tag-edition-grand-geneve-chablais-ain","22":"tag-edition-grenoble-agglomeration","23":"tag-edition-montelimar-drome-provencale","24":"tag-edition-provencale","25":"tag-evian-les-bains","26":"tag-fc-annecy","27":"tag-fil-info","28":"tag-fil-info-sport","29":"tag-football","30":"tag-fr","31":"tag-france","32":"tag-gf38-grenoble-foot-38","33":"tag-grenoble","34":"tag-grenoble-bassin","35":"tag-haute-savoie","36":"tag-isere","37":"tag-la-voulte-sur-rhone","38":"tag-news","39":"tag-pierrelatte","40":"tag-pierrelatte-bassin","41":"tag-republique-francaise","42":"tag-seyssinet-pariset","43":"tag-sport","44":"tag-sport-national","45":"tag-thonon-les-bains","46":"tag-thonon-les-bains-le-chablais","47":"tag-thonon-les-bains-bassin","48":"tag-vaucluse","49":"tag-villefontaine"},"share_on_mastodon":{"url":"","error":"Validation failed: Text character limit of 500 exceeded"},"_links":{"self":[{"href":"https:\/\/www.europesays.com\/fr\/wp-json\/wp\/v2\/posts\/497723","targetHints":{"allow":["GET"]}}],"collection":[{"href":"https:\/\/www.europesays.com\/fr\/wp-json\/wp\/v2\/posts"}],"about":[{"href":"https:\/\/www.europesays.com\/fr\/wp-json\/wp\/v2\/types\/post"}],"author":[{"embeddable":true,"href":"https:\/\/www.europesays.com\/fr\/wp-json\/wp\/v2\/users\/2"}],"replies":[{"embeddable":true,"href":"https:\/\/www.europesays.com\/fr\/wp-json\/wp\/v2\/comments?post=497723"}],"version-history":[{"count":0,"href":"https:\/\/www.europesays.com\/fr\/wp-json\/wp\/v2\/posts\/497723\/revisions"}],"wp:featuredmedia":[{"embeddable":true,"href":"https:\/\/www.europesays.com\/fr\/wp-json\/wp\/v2\/media\/497724"}],"wp:attachment":[{"href":"https:\/\/www.europesays.com\/fr\/wp-json\/wp\/v2\/media?parent=497723"}],"wp:term":[{"taxonomy":"category","embeddable":true,"href":"https:\/\/www.europesays.com\/fr\/wp-json\/wp\/v2\/categories?post=497723"},{"taxonomy":"post_tag","embeddable":true,"href":"https:\/\/www.europesays.com\/fr\/wp-json\/wp\/v2\/tags?post=497723"}],"curies":[{"name":"wp","href":"https:\/\/api.w.org\/{rel}","templated":true}]}}