{"id":497736,"date":"2025-10-29T13:11:38","date_gmt":"2025-10-29T13:11:38","guid":{"rendered":"https:\/\/www.europesays.com\/fr\/497736\/"},"modified":"2025-10-29T13:11:38","modified_gmt":"2025-10-29T13:11:38","slug":"la-nouvelle-que-tous-les-fans-attendaient-mark-harmon-gibbs-est-de-retour-dans-la-serie","status":"publish","type":"post","link":"https:\/\/www.europesays.com\/fr\/497736\/","title":{"rendered":"La nouvelle que tous les fans attendaient, Mark Harmon (Gibbs) est de retour dans la s\u00e9rie !"},"content":{"rendered":"<p>Quatre ans apr\u00e8s son d\u00e9part, Mark Harmon, l&rsquo;inoubliable interpr\u00e8te de Leroy Jethro Gibbs dans NCIS, va faire son retour dans la franchise. Son comeback est confirm\u00e9, officiel et tr\u00e8s attendu !<\/p>\n<p>Cela faisait des ann\u00e9es que les fans l&rsquo;attendaient, l&rsquo;esp\u00e9raient, y croyaient&#8230; C&rsquo;est d\u00e9sormais officiel : <a href=\"https:\/\/www.programme-tv.net\/news\/series-tv\/284990-ncis-spoilers-comment-gibbs-mark-harmon-quitte-t-il-la-serie-diffusee-sur-m6\/\" data-api-deeplink=\"teleloisirs:\/\/news\/284990\" target=\"_blank\" rel=\"noopener\">quatre ans apr\u00e8s avoir quitt\u00e9 NCIS<\/a>, Mark Harmon va faire son retour dans la franchise ! Et ce comeback est pr\u00e9vu pour bient\u00f4t, tr\u00e8s bient\u00f4t m\u00eame : le 11 novembre 2025, tr\u00e8s exactement. Ce soir-l\u00e0, aux \u00c9tats-Unis, l&rsquo;acteur, aujourd&rsquo;hui \u00e2g\u00e9 de 74 ans, fera une apparition dans un \u00e9pisode de <a href=\"https:\/\/www.programme-tv.net\/news\/series-tv\/350980-ncis-origins-date-de-sortie-casting-intrigues-ce-qu-il-faut-savoir-sur-la-serie-a-propos-des-debuts-de-gibbs\/\" data-api-deeplink=\"teleloisirs:\/\/news\/350980\" target=\"_blank\" rel=\"noopener\">NCIS: Origins, le prequel racontant la jeunesse de son personnage f\u00e9tiche Leroy Jethro Gibbs<\/a> (<a href=\"https:\/\/www.programme-tv.net\/news\/series-tv\/358316-ncis-origins-decouvrez-a-quoi-ressemble-gibbs-jeune-avec-une-premiere-photo-officielle\/\" data-api-deeplink=\"teleloisirs:\/\/news\/358316\" target=\"_blank\" rel=\"noopener\">jou\u00e9 d\u00e9sormais par Austin Stowell<\/a>). Ce retour inou\u00ef et qui fera forc\u00e9ment plaisir aux millions de fans de NCIS de par le monde se fera lors d&rsquo;une soir\u00e9e sp\u00e9ciale rythm\u00e9e par un double \u00e9pisode crossover entre NCIS, la s\u00e9rie m\u00e8re, et NCIS: Origins, son spin-off.<\/p>\n<p>                        NCIS : C&rsquo;est officiel, Mark Harmon (Gibbs) est de retour dans la s\u00e9rie !<\/p>\n<p>Cette soir\u00e9e exceptionnelle du mardi 11 novembre 2025 d\u00e9butera avec un \u00e9pisode de NCIS intitul\u00e9 Now and then (\u00ab\u00a0Maintenant et auparavant\u00a0\u00bb, litt\u00e9ralement) et se poursuivra avec un in\u00e9dit de NCIS: Origins baptis\u00e9 Funny How Time Slips Away (\u00ab\u00a0Amusant comme le temps file\u00a0\u00bb). Ce double \u00e9pisode verra le jeune Gibbs enqu\u00eater sur le meurtre d&rsquo;un jeune officier de la Marine dans une petite ville au milieu des ann\u00e9es 90. Une affaire qui reviendra \u00e0 la surface de nos jours, permettant ainsi de lier les intrigues des deux s\u00e9ries&#8230; \u00ab\u00a0Il y a quatre ans, Gibbs s&rsquo;est \u00e9vanoui dans l&rsquo;Alaska pour vivre une vie de solitude. Nous savons \u00e0 quel point Mark a manqu\u00e9 aux fans et nous nous sommes demand\u00e9s ce que faisait Gibbs aujourd&rsquo;hui (&#8230;) Nous ne voulons pas trop en dire mais disons simplement que Gibbs n&rsquo;est plus seul\u00a0\u00bb, ont ainsi d\u00e9clar\u00e9 David J. North et Gina Lucita Monreal, les showrunners de NCIS: Origins dans un communiqu\u00e9 de presse. \u00ab\u00a0Je suis tr\u00e8s fier de l&rsquo;intrigue d\u00e9velopp\u00e9e par David et Gina dans Origins. Ils continuent de repousser les limites et d&rsquo;explorer en profondeur le pass\u00e9 des personnages. Ils sont venus \u00e0 moi avec une id\u00e9e concernant Gibbs qui m&rsquo;a plu et c&rsquo;\u00e9tait le bon moment pour moi de retrouver ce personnage. J&rsquo;esp\u00e8re que les fans aimeront\u00a0\u00bb, a de son c\u00f4t\u00e9 comment\u00e9 Mark Harmon.<\/p>\n<p>            NCIS : \u00c0 quand le retour de Gibbs sur M6 ?<\/p>\n<p>Aucun doute, ce double \u00e9pisode crossover aura une dimension particuli\u00e8re. Et c&rsquo;est sans doute d\u00e9j\u00e0 un des \u00e9v\u00e9nements s\u00e9ries de cette fin d&rsquo;ann\u00e9e 2025. Quant \u00e0 la diffusion fran\u00e7aise sur M6 de ce retour de Gibbs, il va falloir, malheureusement, se montrer patient et ne pas commencer \u00e0 compter les dodos : ce n&rsquo;est pas pour tout de suite. Mais la lumi\u00e8re est au bout du chemin pour les fans de Gibbs !<\/p>\n","protected":false},"excerpt":{"rendered":"Quatre ans apr\u00e8s son d\u00e9part, Mark Harmon, l&rsquo;inoubliable interpr\u00e8te de Leroy Jethro Gibbs dans NCIS, va faire son&hellip;\n","protected":false},"author":2,"featured_media":497737,"comment_status":"","ping_status":"","sticky":false,"template":"","format":"standard","meta":{"footnotes":""},"categories":[1356],"tags":[244,58,59,1011,27,494,4226,13903,34813,252,1364],"class_list":{"0":"post-497736","1":"post","2":"type-post","3":"status-publish","4":"format-standard","5":"has-post-thumbnail","7":"category-television","8":"tag-commentaire","9":"tag-divertissement","10":"tag-entertainment","11":"tag-fr","12":"tag-france","13":"tag-m6","14":"tag-mark-harmon","15":"tag-ncis-enquu00eates-spu00e9ciales","16":"tag-ncis-origins","17":"tag-television","18":"tag-tv"},"share_on_mastodon":{"url":"https:\/\/pubeurope.com\/@fr\/115457627489383620","error":""},"_links":{"self":[{"href":"https:\/\/www.europesays.com\/fr\/wp-json\/wp\/v2\/posts\/497736","targetHints":{"allow":["GET"]}}],"collection":[{"href":"https:\/\/www.europesays.com\/fr\/wp-json\/wp\/v2\/posts"}],"about":[{"href":"https:\/\/www.europesays.com\/fr\/wp-json\/wp\/v2\/types\/post"}],"author":[{"embeddable":true,"href":"https:\/\/www.europesays.com\/fr\/wp-json\/wp\/v2\/users\/2"}],"replies":[{"embeddable":true,"href":"https:\/\/www.europesays.com\/fr\/wp-json\/wp\/v2\/comments?post=497736"}],"version-history":[{"count":0,"href":"https:\/\/www.europesays.com\/fr\/wp-json\/wp\/v2\/posts\/497736\/revisions"}],"wp:featuredmedia":[{"embeddable":true,"href":"https:\/\/www.europesays.com\/fr\/wp-json\/wp\/v2\/media\/497737"}],"wp:attachment":[{"href":"https:\/\/www.europesays.com\/fr\/wp-json\/wp\/v2\/media?parent=497736"}],"wp:term":[{"taxonomy":"category","embeddable":true,"href":"https:\/\/www.europesays.com\/fr\/wp-json\/wp\/v2\/categories?post=497736"},{"taxonomy":"post_tag","embeddable":true,"href":"https:\/\/www.europesays.com\/fr\/wp-json\/wp\/v2\/tags?post=497736"}],"curies":[{"name":"wp","href":"https:\/\/api.w.org\/{rel}","templated":true}]}}