{"id":497746,"date":"2025-10-29T13:22:25","date_gmt":"2025-10-29T13:22:25","guid":{"rendered":"https:\/\/www.europesays.com\/fr\/497746\/"},"modified":"2025-10-29T13:22:25","modified_gmt":"2025-10-29T13:22:25","slug":"elle-na-nulle-part-ou-aller-sarah-ferguson-liee-a-jamais-au-prince-andrew-elle-commence-a-paniquer","status":"publish","type":"post","link":"https:\/\/www.europesays.com\/fr\/497746\/","title":{"rendered":"\u00ab\u00a0Elle n\u2019a nulle part o\u00f9 aller\u00a0\u00bb : Sarah Ferguson li\u00e9e \u00e0 jamais au prince Andrew, elle commence \u00e0 paniquer"},"content":{"rendered":"<p>C\u2019est une saga qui occupe les tablo\u00efds et leurs lecteurs depuis<br \/>\nun bon moment d\u00e9j\u00e0 et qui est visiblement loin d\u2019\u00eatre termin\u00e9e. Le<br \/>\nprince Andrew, malgr\u00e9 <a href=\"https:\/\/www.closermag.fr\/royautes\/prince-andrew-humiliation-supreme-pour-le-frere-de-charles-iii-le-sort-reserve-aux-felons-lui-est-applique-a-windsor-3589531\" target=\"_blank\" rel=\"noopener\"><br \/>\nles demandes de son grand fr\u00e8re le roi Charles III,<\/a> n\u2019a<br \/>\ntoujours pas quitt\u00e9 son logement. Il est install\u00e9 au Royal Lodge<br \/>\ndepuis 2004, o\u00f9 il avait emm\u00e9nag\u00e9 avec ses filles les princesses<br \/>\nBeatrice et Eugenie. C\u2019est ensuite <strong>en 2008 que son ex-femme<br \/>\nSarah Ferguson \u00e9tait venue les rejoindre<\/strong>. Depuis, les<br \/>\nprincesses ont quitt\u00e9 les lieux mais l\u2019ex-couple y habite<br \/>\ntoujours.<\/p>\n<p>Seulement au vu de tous les scandales qui touchent le prince<br \/>\nAndrew, accus\u00e9 notamment d\u2019agression sexuelle, la famille royale<br \/>\nsouhaite qu\u2019il quitte les lieux. Le fils cadet de la reine<br \/>\nElizabeth II a d\u00e9j\u00e0 \u00e9t\u00e9 destitu\u00e9 de ses titres royaux juste avant<br \/>\nla parution des m\u00e9moires posthumes de son accusatrice, Virginia<br \/>\nGiuffre. <strong>Il refuse en revanche de laisser le Royal Lodge<br \/>\nderri\u00e8re lui<\/strong>. Il faut dire qu\u2019il paie <a href=\"https:\/\/www.closermag.fr\/royautes\/prince-andrew-ce-loyer-derisoire-que-le-duc-en-disgrace-paye-depuis-22-ans-pour-son-manoir-de-30-pieces-3588452\" target=\"_blank\" rel=\"noopener\"><br \/>\nun loyer d\u00e9risoire pour cette demeure<\/a> d\u2019une trentaine de pi\u00e8ces<br \/>\ndont il avait financ\u00e9 les travaux avant d\u2019y emm\u00e9nager.<\/p>\n<p>Le prince Andrew et Sarah Ferguson dans le viseur<\/p>\n<p>De nouvelles r\u00e9v\u00e9lations ont r\u00e9cemment d\u00e9voil\u00e9 que s\u2019ils<br \/>\nquittent ce logement, le prince Andrew et Sarah Ferguson <a href=\"https:\/\/www.closermag.fr\/royautes\/prince-andrew-et-sarah-ferguson-cette-condition-lunaire-imposee-pour-quitter-leur-manoir-3589556\" target=\"_blank\" rel=\"noopener\"><br \/>\nveulent tous les deux leur propre maison.<\/a> Le prince Andrew<br \/>\ns\u2019installerait \u00e0 Frogmore Cottage, o\u00f9 le prince Harry et Meghan<br \/>\nMarkle habitaient avant d\u2019aller aux Etats-Unis. <strong>Sarah<br \/>\nFerguson poserait quant \u00e0 elle ses valises \u00e0 Adelaide<br \/>\nCottage<\/strong>, que <a href=\"https:\/\/www.closermag.fr\/royautes\/kate-est-horrifiee-ce-gros-point-noir-concernant-son-demenagement-avec-william-et-leurs-enfants-3589701\" target=\"_blank\" rel=\"noopener\"><br \/>\nle prince William, Kate Middleton et leurs enfants s\u2019appr\u00eatent \u00e0<br \/>\nquitter<\/a>.<\/p>\n<p>Pour le moment \u00e9videmment rien n\u2019est fait, et le <a href=\"https:\/\/www.closermag.fr\/royautes\/prince-william-menace-de-sen-prendre-a-ses-cousines-beatrice-et-eugenie-fragilisees-par-la-decheance-de-leur-pere-3590107\" rel=\"noopener\" target=\"_blank\">prince William aurait m\u00eame vu ses cousines<\/a>, les<br \/>\nprincesses Beatrice et Eugenie, pour les pousser \u00e0 faire pression<br \/>\nsur leur p\u00e8re. Mais pour leur m\u00e8re, c\u2019est une tout autre histoire.<br \/>\nCertains pointent du doigt le fait que <strong>la famille royale<br \/>\ndevrait cesser de l\u2019entretenir<\/strong> tandis que pour d\u2019autres,<br \/>\nil est plus sage de ne pas la contrarier pour \u00e9viter d\u2019autres<br \/>\nr\u00e9v\u00e9lations explosives. Des proches de la duchesse d\u2019York d\u00e9voilent<br \/>\ncependant dans le <a href=\"https:\/\/www.dailymail.co.uk\/news\/royals\/article-15232419\/Sarah-Ferguson-fears-future-friends-tell-REBECCA-ENGLISH.html\" rel=\"nofollow noopener\" target=\"_blank\">Daily Mail<\/a> qu\u2019elle est \u00ab\u00a0compl\u00e8tement<br \/>\nperdue\u00a0\u00bb.<\/p>\n<p>La duchesse d\u2019York ne sait pas o\u00f9<br \/>\naller<\/p>\n<p>Apr\u00e8s la publication d\u2019un de ses emails dans lequel elle<br \/>\ns\u2019excuse aupr\u00e8s du trafiquant de mineurs Jeffrey Epstein d\u2019avoir<br \/>\npris ses distances, <strong>la r\u00e9putation de Sarah Ferguson a pris<br \/>\nun coup<\/strong>. \u00ab\u00a0Les gens ne veulent plus \u00eatre associ\u00e9s \u00e0<br \/>\nelle. La v\u00e9rit\u00e9 c\u2019est qu\u2019elle n\u2019a nulle part o\u00f9 aller et personne<br \/>\navec qui aller\u00a0\u00bb si elle n&rsquo;est plus au Royal Lodge avec le<br \/>\nprince Andrew a confi\u00e9 une source proche.<\/p>\n","protected":false},"excerpt":{"rendered":"C\u2019est une saga qui occupe les tablo\u00efds et leurs lecteurs depuis un bon moment d\u00e9j\u00e0 et qui est&hellip;\n","protected":false},"author":2,"featured_media":497747,"comment_status":"","ping_status":"","sticky":false,"template":"","format":"standard","meta":{"footnotes":""},"categories":[8],"tags":[58,59,1011,27,546,60309],"class_list":{"0":"post-497746","1":"post","2":"type-post","3":"status-publish","4":"format-standard","5":"has-post-thumbnail","7":"category-divertissement","8":"tag-divertissement","9":"tag-entertainment","10":"tag-fr","11":"tag-france","12":"tag-prince-andrew","13":"tag-sarah-ferguson"},"share_on_mastodon":{"url":"https:\/\/pubeurope.com\/@fr\/115457670780840350","error":""},"_links":{"self":[{"href":"https:\/\/www.europesays.com\/fr\/wp-json\/wp\/v2\/posts\/497746","targetHints":{"allow":["GET"]}}],"collection":[{"href":"https:\/\/www.europesays.com\/fr\/wp-json\/wp\/v2\/posts"}],"about":[{"href":"https:\/\/www.europesays.com\/fr\/wp-json\/wp\/v2\/types\/post"}],"author":[{"embeddable":true,"href":"https:\/\/www.europesays.com\/fr\/wp-json\/wp\/v2\/users\/2"}],"replies":[{"embeddable":true,"href":"https:\/\/www.europesays.com\/fr\/wp-json\/wp\/v2\/comments?post=497746"}],"version-history":[{"count":0,"href":"https:\/\/www.europesays.com\/fr\/wp-json\/wp\/v2\/posts\/497746\/revisions"}],"wp:featuredmedia":[{"embeddable":true,"href":"https:\/\/www.europesays.com\/fr\/wp-json\/wp\/v2\/media\/497747"}],"wp:attachment":[{"href":"https:\/\/www.europesays.com\/fr\/wp-json\/wp\/v2\/media?parent=497746"}],"wp:term":[{"taxonomy":"category","embeddable":true,"href":"https:\/\/www.europesays.com\/fr\/wp-json\/wp\/v2\/categories?post=497746"},{"taxonomy":"post_tag","embeddable":true,"href":"https:\/\/www.europesays.com\/fr\/wp-json\/wp\/v2\/tags?post=497746"}],"curies":[{"name":"wp","href":"https:\/\/api.w.org\/{rel}","templated":true}]}}