{"id":497770,"date":"2025-10-29T13:45:28","date_gmt":"2025-10-29T13:45:28","guid":{"rendered":"https:\/\/www.europesays.com\/fr\/497770\/"},"modified":"2025-10-29T13:45:28","modified_gmt":"2025-10-29T13:45:28","slug":"vous-aimez-les-animaux-cette-serie-inedite-sur-la-spa-de-montpellier-va-vous-bouleverser","status":"publish","type":"post","link":"https:\/\/www.europesays.com\/fr\/497770\/","title":{"rendered":"Vous aimez les animaux ? Cette s\u00e9rie in\u00e9dite sur la SPA de Montpellier va vous bouleverser"},"content":{"rendered":"<p>            Par<br \/>\n        <strong><br \/>\n            <a href=\"https:\/\/actu.fr\/auteur\/metropoop\" title=\"Consulter tous les articles de R\u00e9daction M\u00e9tropolitain\" rel=\"nofollow noopener\" target=\"_blank\">R\u00e9daction M\u00e9tropolitain<\/a><br \/>\n        <\/strong><\/p>\n<p>        Publi\u00e9 le<\/p>\n<p>            29 oct. 2025 \u00e0 14h02<br \/>\n        ; mis \u00e0 jour le 29 oct. 2025 \u00e0 14h03    <\/p>\n<p><strong>Depuis le 26 octobre dernier<\/strong>, la cha\u00eene T18 diffuse les nouveaux \u00e9pisodes de Sans Collier. Pendant plusieurs mois, les \u00e9quipes de la soci\u00e9t\u00e9 de production Butterfish ont suivi la vie de la SPA de Montpellier, bas\u00e9e \u00e0 Villeneuve-l\u00e8s-Maguelone. Loin des clich\u00e9s, la s\u00e9rie offre une immersion compl\u00e8te dans l\u2019un des plus grands refuges de France.\u00a0<\/p>\n<p>    <a href=\"https:\/\/www.google.com\/maps\/embed?pb=!1m18!1m12!1m3!1d2891.9428461783373!2d3.8174164764568648!3d43.54523327110747!2m3!1f0!2f0!3f0!3m2!1i1024!2i768!4f13.1!3m3!1m2!1s0x12b6ae0243b96a9b%3A0x15420b582c2f9421!2sSPA%20Montpellier%20M%C3%A9diterran%C3%A9e%20M%C3%A9tropole!5e0!3m2!1sen!2sfr!4v1761736142780!5m2!1sen!2sfr\" title=\"Ouvrie le lien\" rel=\"nofollow noopener\" target=\"_blank\">Cliquez ici pour visualiser le contenu<\/a><\/p>\n<p class=\" wall-content\">Les cam\u00e9ras se sont gliss\u00e9es dans les couloirs, les enclos, les salles de soins. Elles ont saisi la fatigue, les rires, les larmes et les moments de gr\u00e2ce. Ici, chaque arriv\u00e9e raconte une histoire, chaque d\u00e9part vers une famille marque une victoire.<\/p>\n<p>Le quotidien d\u2019une \u00e9quipe d\u00e9vou\u00e9<\/p>\n<p class=\" wall-content\">Sans Collier d\u00e9voile le travail de femmes et d\u2019hommes soud\u00e9s par une m\u00eame cause : le bien-\u00eatre animal. L\u2019\u00e9mission montre l\u2019accueil des chiens et chats abandonn\u00e9s, souvent en d\u00e9tresse. Elle suit aussi le parcours des adoptions, parfois rapides, parfois longues et d\u00e9licates. Les t\u00e9l\u00e9spectateurs d\u00e9couvrent les coulisses du refuge : la r\u00e9\u00e9ducation comportementale des animaux craintifs, la sociabilisation des nouveaux arrivants, la vigilance des soigneurs.<\/p>\n<p class=\" wall-content\">\u00c0 travers ces sc\u00e8nes, l\u2019\u00e9quipe met aussi en lumi\u00e8re le r\u00f4le essentiel de la sensibilisation. Les \u00e9quipes de la SPA multiplient les initiatives pour responsabiliser le public et encourager l\u2019adoption plut\u00f4t que l\u2019achat. Un regard, une caresse, une adoption : parfois, il suffit d\u2019un geste pour changer deux vies. Sans Collier le prouve<strong> chaque dimanche sur T18.<\/strong><\/p>\n<p class=\" wall-content\">Personnalisez votre actualit\u00e9 en ajoutant vos villes et m\u00e9dias en favori avec <a href=\"https:\/\/moncompte.actu.fr\" title=\"D\u00e9couvez Mon Actu\" rel=\"nofollow noopener\" data-trk=\"{&quot;cta&quot;:{&quot;action&quot;:&quot;https:\\\/\\\/moncompte.actu.fr&quot;,&quot;category&quot;:&quot;mon compte&quot;,&quot;from&quot;:&quot;article footer&quot;,&quot;name&quot;:&quot;Mon actu&quot;,&quot;type&quot;:&quot;cta&quot;}}\" target=\"_blank\">Mon Actu<\/a>.<\/p>\n","protected":false},"excerpt":{"rendered":"Par R\u00e9daction M\u00e9tropolitain Publi\u00e9 le 29 oct. 2025 \u00e0 14h02 ; mis \u00e0 jour le 29 oct. 2025&hellip;\n","protected":false},"author":2,"featured_media":497771,"comment_status":"","ping_status":"","sticky":false,"template":"","format":"standard","meta":{"footnotes":""},"categories":[9599],"tags":[1111,11,1867,1777,674,1011,27,1652,6795,2208,12,2680,25,1314],"class_list":{"0":"post-497770","1":"post","2":"type-post","3":"status-publish","4":"format-standard","5":"has-post-thumbnail","7":"category-montpellier","8":"tag-actu","9":"tag-actualites","10":"tag-animaux","11":"tag-eu","12":"tag-europe","13":"tag-fr","14":"tag-france","15":"tag-loisirs-culture","16":"tag-maltraitance-animale","17":"tag-montpellier","18":"tag-news","19":"tag-occitanie","20":"tag-republique-francaise","21":"tag-series"},"share_on_mastodon":{"url":"https:\/\/pubeurope.com\/@fr\/115457761188676912","error":""},"_links":{"self":[{"href":"https:\/\/www.europesays.com\/fr\/wp-json\/wp\/v2\/posts\/497770","targetHints":{"allow":["GET"]}}],"collection":[{"href":"https:\/\/www.europesays.com\/fr\/wp-json\/wp\/v2\/posts"}],"about":[{"href":"https:\/\/www.europesays.com\/fr\/wp-json\/wp\/v2\/types\/post"}],"author":[{"embeddable":true,"href":"https:\/\/www.europesays.com\/fr\/wp-json\/wp\/v2\/users\/2"}],"replies":[{"embeddable":true,"href":"https:\/\/www.europesays.com\/fr\/wp-json\/wp\/v2\/comments?post=497770"}],"version-history":[{"count":0,"href":"https:\/\/www.europesays.com\/fr\/wp-json\/wp\/v2\/posts\/497770\/revisions"}],"wp:featuredmedia":[{"embeddable":true,"href":"https:\/\/www.europesays.com\/fr\/wp-json\/wp\/v2\/media\/497771"}],"wp:attachment":[{"href":"https:\/\/www.europesays.com\/fr\/wp-json\/wp\/v2\/media?parent=497770"}],"wp:term":[{"taxonomy":"category","embeddable":true,"href":"https:\/\/www.europesays.com\/fr\/wp-json\/wp\/v2\/categories?post=497770"},{"taxonomy":"post_tag","embeddable":true,"href":"https:\/\/www.europesays.com\/fr\/wp-json\/wp\/v2\/tags?post=497770"}],"curies":[{"name":"wp","href":"https:\/\/api.w.org\/{rel}","templated":true}]}}