{"id":49778,"date":"2025-04-24T18:13:14","date_gmt":"2025-04-24T18:13:14","guid":{"rendered":"https:\/\/www.europesays.com\/fr\/49778\/"},"modified":"2025-04-24T18:13:14","modified_gmt":"2025-04-24T18:13:14","slug":"venissieux-le-nouveau-parc-ana-maria-primavesi-reliera-le-plateau-au-centre-ville","status":"publish","type":"post","link":"https:\/\/www.europesays.com\/fr\/49778\/","title":{"rendered":"V\u00e9nissieux. Le nouveau parc Ana Maria Primavesi reliera le plateau au Centre-ville"},"content":{"rendered":"<p>Ce parc lin\u00e9aire de plus de 2\u00a0ha, dont la premi\u00e8re section vient d\u2019\u00eatre inaugur\u00e9e, portera le nom d\u2019Ana Maria Primavesi, pionni\u00e8re m\u00e9connue de l\u2019agro\u00e9cologie.<\/p>\n<p>Ce projet structurant vise \u00e0 recoudre le tissu urbain, en cr\u00e9ant une v\u00e9ritable continuit\u00e9 entre les quartiers du plateau des Minguettes et le centre-ville. Outre cet espace vert, le programme comprend la construction de pr\u00e8s de 1\u00a0000 logements, la&#8230;<\/p>\n","protected":false},"excerpt":{"rendered":"Ce parc lin\u00e9aire de plus de 2\u00a0ha, dont la premi\u00e8re section vient d\u2019\u00eatre inaugur\u00e9e, portera le nom d\u2019Ana&hellip;\n","protected":false},"author":2,"featured_media":49779,"comment_status":"","ping_status":"","sticky":false,"template":"","format":"standard","meta":{"footnotes":""},"categories":[1889],"tags":[1111,11,2430,3152,1777,674,1011,27,2428,12,316,25,4375,4407],"class_list":{"0":"post-49778","1":"post","2":"type-post","3":"status-publish","4":"format-standard","5":"has-post-thumbnail","7":"category-lyon","8":"tag-actu","9":"tag-actualites","10":"tag-auvergne-rhone-alpes","11":"tag-edition-est-lyonnais","12":"tag-eu","13":"tag-europe","14":"tag-fr","15":"tag-france","16":"tag-lyon","17":"tag-news","18":"tag-politique","19":"tag-republique-francaise","20":"tag-venissieux","21":"tag-venissieux-bassin"},"share_on_mastodon":{"url":"https:\/\/pubeurope.com\/@fr\/114394300611225819","error":""},"_links":{"self":[{"href":"https:\/\/www.europesays.com\/fr\/wp-json\/wp\/v2\/posts\/49778","targetHints":{"allow":["GET"]}}],"collection":[{"href":"https:\/\/www.europesays.com\/fr\/wp-json\/wp\/v2\/posts"}],"about":[{"href":"https:\/\/www.europesays.com\/fr\/wp-json\/wp\/v2\/types\/post"}],"author":[{"embeddable":true,"href":"https:\/\/www.europesays.com\/fr\/wp-json\/wp\/v2\/users\/2"}],"replies":[{"embeddable":true,"href":"https:\/\/www.europesays.com\/fr\/wp-json\/wp\/v2\/comments?post=49778"}],"version-history":[{"count":0,"href":"https:\/\/www.europesays.com\/fr\/wp-json\/wp\/v2\/posts\/49778\/revisions"}],"wp:featuredmedia":[{"embeddable":true,"href":"https:\/\/www.europesays.com\/fr\/wp-json\/wp\/v2\/media\/49779"}],"wp:attachment":[{"href":"https:\/\/www.europesays.com\/fr\/wp-json\/wp\/v2\/media?parent=49778"}],"wp:term":[{"taxonomy":"category","embeddable":true,"href":"https:\/\/www.europesays.com\/fr\/wp-json\/wp\/v2\/categories?post=49778"},{"taxonomy":"post_tag","embeddable":true,"href":"https:\/\/www.europesays.com\/fr\/wp-json\/wp\/v2\/tags?post=49778"}],"curies":[{"name":"wp","href":"https:\/\/api.w.org\/{rel}","templated":true}]}}