{"id":497780,"date":"2025-10-29T13:57:19","date_gmt":"2025-10-29T13:57:19","guid":{"rendered":"https:\/\/www.europesays.com\/fr\/497780\/"},"modified":"2025-10-29T13:57:19","modified_gmt":"2025-10-29T13:57:19","slug":"municipales-2026-alain-carignon-leternel-revenant-qui-veut-reprendre-grenoble-a-la-gauche","status":"publish","type":"post","link":"https:\/\/www.europesays.com\/fr\/497780\/","title":{"rendered":"Municipales 2026\u00a0: Alain Carignon, l\u2019\u00e9ternel \u00ab\u00a0revenant\u00a0\u00bb qui veut reprendre Grenoble \u00e0 la gauche"},"content":{"rendered":"<p class=\"paragraph text_align_left lp-f-body-02\">\u00ab\u00a0On a cr\u00e9\u00e9 une ville qui ne fonctionne plus, qui ne produit plus de commun\u00a0\u00bb. Alain Carignon, a toujours le verbe haut et la pique facile \u00e0 l\u2019\u00e9gard de ses adversaires politiques. Interview\u00e9 sur France\u00a03 Alpes, ce mardi, celui qui est \u00e9lu d\u2019opposition depuis 2020, a m\u00eame convoqu\u00e9 Pierre Mend\u00e8s France dans un discours de \u00ab\u00a0r\u00e9conciliation\u00a0\u00bb qui structure son programme de campagne pour l\u2019\u00e9lection municipale de mars\u00a02026.<\/p>\n<p class=\"paragraph text_align_left lp-f-body-02\"><a href=\"https:\/\/www.grenoble.fr\/elu\/168\/151-alain-carignon.htm\" target=\"_blank\" rel=\"noreferrer nofollow noopener\">Le conseiller municipal<\/a> d\u2019opposition <a href=\"https:\/\/www.leparisien.fr\/politique\/municipales-a-grenoble-le-coup-d-eclat-d-alain-carignon-16-12-2019-8218869.php\" rel=\"nofollow noopener\" target=\"_blank\">Alain Carignon<\/a> avait annonc\u00e9 en juin dernier qu\u2019il allait se porter une nouvelle fois candidat aux \u00e9lections municipales de 2026, apr\u00e8s 2007 et 2020.<\/p>\n<p class=\"paragraph text_align_left lp-f-body-02\">\u00ab\u00a0J\u2019accepte de conduire, en mars\u00a02026, une belle \u00e9quipe, anim\u00e9e par l\u2019amour de Grenoble, au service de tous les Grenoblois\u00a0\u00bb, expliquait-il dans une vid\u00e9o mise en ligne sur les r\u00e9seaux sociaux. \u00c2g\u00e9 de 76\u00a0ans, l\u2019ancien ministre RPR des ann\u00e9es 1990 ne veut pas l\u00e2cher la rampe alors m\u00eame que le maire \u00c9ric Piolle a d\u00e9cid\u00e9 lui de ne pas se repr\u00e9senter.<\/p>\n<p>L\u2019affaire dite \u00ab\u00a0Dauphin\u00e9 News\u00a0\u00bb<\/p>\n<p class=\"paragraph text_align_left lp-f-body-02\">Alain Carignon, n\u2019est rien moins que l\u2019\u00e9lu fran\u00e7ais ayant purg\u00e9 la plus longue peine de prison pour des faits de corruption, en tant que maire\u2026 de Grenoble (Is\u00e8re). En 1996, l\u2019ex-maire de la ville a \u00e9t\u00e9 condamn\u00e9 en appel \u00e0 quatre ans de prison ferme et cinq ans d\u2019in\u00e9ligibilit\u00e9 pour \u00ab\u00a0corruption passive, abus de biens sociaux et subornation de t\u00e9moins\u00a0\u00bb, dans l\u2019affaire dite \u00ab\u00a0Dauphin\u00e9 News\u00a0\u00bb li\u00e9e au financement de sa campagne \u00e9lectorale.<\/p>\n<p class=\"paragraph text_align_left lp-f-body-02\">Lib\u00e9r\u00e9 en mai\u00a01998 apr\u00e8s avoir effectu\u00e9 un total de vingt-neuf mois de d\u00e9tention, il devient aussi l\u2019homme politique fran\u00e7ais ayant effectu\u00e9 le plus long s\u00e9jour en prison, 29 mois. Car le casier de l\u2019ancien ministre d\u2019\u00c9douard Balladur contient aussi une condamnation en 1999 \u00e0 dix-huit mois de prison avec sursis pour \u00ab\u00a0abus de biens sociaux et usage de faux\u00a0\u00bb pour sa gestion d\u2019une soci\u00e9t\u00e9 d\u2019\u00e9conomie mixte, Grenoble Is\u00e8re d\u00e9veloppement (GID).<\/p>\n<p>\u00ab\u00a0Le tristouille de Grenoble\u00a0\u00bb<\/p>\n<p class=\"paragraph text_align_left lp-f-body-02\">En 2011, Enfin, il a d\u00fb rembourser une somme importante au conseil d\u00e9partemental de l\u2019Is\u00e8re, apr\u00e8s une condamnation prononc\u00e9e par la chambre r\u00e9gionale des comptes, et confirm\u00e9e par la Cour des comptes, au sujet de la construction d\u2019un \u00e9changeur qui avait donn\u00e9 lieu au versement d\u2019une commission au montant \u00ab\u00a0inhabituellement \u00e9lev\u00e9\u00a0\u00bb, rappelait <a href=\"https:\/\/www.mediapart.fr\/\" target=\"_blank\" rel=\"noreferrer nofollow noopener\">il y a peu Mediapart<\/a>. Voil\u00e0 pour le CV.<\/p>\n<p class=\"paragraph text_align_left lp-f-body-02\">Dans ce contexte, sa campagne tient dans un mot d\u2019ordre\u00a0: tirer sur le bilan d\u2019\u00c9ric Piolle. \u00ab\u00a0La ville est id\u00e9ologiquement enferm\u00e9e dans les th\u00e9matiques r\u00e9gressives et stigmatisantes de l\u2019extr\u00eame gauche. Elle a aussi perdu sa grande tradition des d\u00e9bats ouverts. \u00c9ric Piolle est ainsi devenu le tristouille de Grenoble. Tout est triste\u00a0\u00bb, attaquait-il <a href=\"https:\/\/www.lefigaro.fr\/vox\/politique\/plutot-que-de-casser-les-ghettos-de-riches-il-faut-sauver-grenoble-des-mains-d-eric-piolle-20250812\" target=\"_blank\" rel=\"noreferrer nofollow noopener\">dans une tribune au Figaro, parue \u00e0 la mi-ao\u00fbt<\/a>.<\/p>\n<p class=\"paragraph text_align_left lp-f-body-02\">L\u2019ironie de la strat\u00e9gie est qu\u2019\u00c9ric Piolle, lui-m\u00eame a \u00e9t\u00e9 pris r\u00e9cemment par la patrouille de la justice hexagonale. Il a \u00e9t\u00e9 condamn\u00e9 <a href=\"https:\/\/www.leparisien.fr\/politique\/grenoble-le-maire-eric-piolle-condamne-en-appel-pour-une-affaire-de-favoritisme-06-09-2023-7YOI2NPCZJFATGNENVJKKRQQ3Y.php\" target=\"_blank\" rel=\"noreferrer nofollow noopener\">pour favoritisme en septembre\u00a02023<\/a>, et est menac\u00e9 par une seconde affaire de d\u00e9tournement de fonds publics. Son avenir politique se jouant plus du c\u00f4t\u00e9 de la direction nationale des Verts qu\u2019\u00e0 Grenoble.<\/p>\n<p>\u00ab\u00a0Front r\u00e9publicain anti-LFI\u00a0\u00bb<\/p>\n<p class=\"paragraph text_align_left lp-f-body-02\">L\u2019ancien espoir du RPR croit en sa chance, car la gauche s\u2019avance en ordre dispers\u00e9 pour remporter la ville au pied des Alpes\u00a0: les Insoumis men\u00e9s par Allan Brunon font bande \u00e0 part, tandis que le reste du rassemblement qui avait port\u00e9 \u00c9ric Piolle au pouvoir (les \u00e9cologistes et sept partis de gauche et associations) est men\u00e9 par Laurence Ruffin.<\/p>\n<p class=\"paragraph text_align_left lp-f-body-02\">Le Parti socialiste, port\u00e9 par sa cheffe de file Amandine Germain, et une autre coalition de gauche, Grenoble Capitale Citoyenne men\u00e9e par Romain Gentil, pourraient \u00e9galement pr\u00e9senter des candidats. Le risque de dispersion pourrait alors profiter au septuag\u00e9naire qui appelle \u00e0 un \u00ab\u00a0front r\u00e9publicain anti-LFI\u00a0\u00bb.<\/p>\n<p class=\"paragraph text_align_left lp-f-body-02\">\u00ab\u00a0Moi j\u2019appelle tous ceux qui sont conscients de la crise sociale et s\u00e9curitaire que conna\u00eet la ville \u00e0 se rassembler, on ne peut pas laisser ce parti politique g\u00e9rer cette ville\u00a0\u00bb, a martel\u00e9 Alain Carignon <a href=\"https:\/\/www.francebleu.fr\/emissions\/l-info-d-ici-de-6h30-et-8h30-ici-isere\/municipales-2026-a-grenoble-qui-sont-les-candidats-et-que-proposent-ils-4413956\" target=\"_blank\" rel=\"noreferrer nofollow noopener\">aupr\u00e8s de la presse locale<\/a>. La peur du \u00ab\u00a0rouge\u00a0\u00bb, une vieille recette du RPR, remise au go\u00fbt du jour. L\u2019avenir dira si les \u00e9lecteurs grenoblois adh\u00e8rent \u00e0 cette version de \u00ab\u00a0Retour vers le Futur\u00a0\u00bb, dirig\u00e9 par Alain Carignon.<\/p>\n","protected":false},"excerpt":{"rendered":"\u00ab\u00a0On a cr\u00e9\u00e9 une ville qui ne fonctionne plus, qui ne produit plus de commun\u00a0\u00bb. Alain Carignon, a&hellip;\n","protected":false},"author":2,"featured_media":497781,"comment_status":"","ping_status":"","sticky":false,"template":"","format":"standard","meta":{"footnotes":""},"categories":[9566],"tags":[1111,11,2430,5949,1777,674,1011,27,2731,3554,12,316,25],"class_list":{"0":"post-497780","1":"post","2":"type-post","3":"status-publish","4":"format-standard","5":"has-post-thumbnail","7":"category-grenoble","8":"tag-actu","9":"tag-actualites","10":"tag-auvergne-rhone-alpes","11":"tag-elections","12":"tag-eu","13":"tag-europe","14":"tag-fr","15":"tag-france","16":"tag-grenoble","17":"tag-municipales","18":"tag-news","19":"tag-politique","20":"tag-republique-francaise"},"share_on_mastodon":{"url":"https:\/\/pubeurope.com\/@fr\/115457808344204704","error":""},"_links":{"self":[{"href":"https:\/\/www.europesays.com\/fr\/wp-json\/wp\/v2\/posts\/497780","targetHints":{"allow":["GET"]}}],"collection":[{"href":"https:\/\/www.europesays.com\/fr\/wp-json\/wp\/v2\/posts"}],"about":[{"href":"https:\/\/www.europesays.com\/fr\/wp-json\/wp\/v2\/types\/post"}],"author":[{"embeddable":true,"href":"https:\/\/www.europesays.com\/fr\/wp-json\/wp\/v2\/users\/2"}],"replies":[{"embeddable":true,"href":"https:\/\/www.europesays.com\/fr\/wp-json\/wp\/v2\/comments?post=497780"}],"version-history":[{"count":0,"href":"https:\/\/www.europesays.com\/fr\/wp-json\/wp\/v2\/posts\/497780\/revisions"}],"wp:featuredmedia":[{"embeddable":true,"href":"https:\/\/www.europesays.com\/fr\/wp-json\/wp\/v2\/media\/497781"}],"wp:attachment":[{"href":"https:\/\/www.europesays.com\/fr\/wp-json\/wp\/v2\/media?parent=497780"}],"wp:term":[{"taxonomy":"category","embeddable":true,"href":"https:\/\/www.europesays.com\/fr\/wp-json\/wp\/v2\/categories?post=497780"},{"taxonomy":"post_tag","embeddable":true,"href":"https:\/\/www.europesays.com\/fr\/wp-json\/wp\/v2\/tags?post=497780"}],"curies":[{"name":"wp","href":"https:\/\/api.w.org\/{rel}","templated":true}]}}