{"id":497786,"date":"2025-10-29T14:03:11","date_gmt":"2025-10-29T14:03:11","guid":{"rendered":"https:\/\/www.europesays.com\/fr\/497786\/"},"modified":"2025-10-29T14:03:11","modified_gmt":"2025-10-29T14:03:11","slug":"melanie-a-tout-quitte-pour-vivre-de-sa-passion","status":"publish","type":"post","link":"https:\/\/www.europesays.com\/fr\/497786\/","title":{"rendered":"M\u00e9lanie a tout quitt\u00e9 pour vivre de sa passion"},"content":{"rendered":"<p>            Par<br \/>\n        <strong><br \/>\n            <a href=\"https:\/\/actu.fr\/auteur\/ivan-capecchi\" title=\"Consulter tous les articles de Ivan CAPECCHI\" target=\"_blank\" rel=\"noopener\">Ivan CAPECCHI<\/a><br \/>\n        <\/strong><\/p>\n<p>        Publi\u00e9 le<\/p>\n<p>            29 oct. 2025 \u00e0 13h41        <\/p>\n<p>Apr\u00e8s neuf ans comme professeure et adjointe en pastorale au <strong>coll\u00e8ge Notre-Dame de Sion, M\u00e9lanie <\/strong>a d\u00e9cid\u00e9 de changer de vie. En juin\u00a02025, elle a lanc\u00e9 son activit\u00e9 de p\u00e2tisserie \u00e0 emporter,<strong> Mel\u2019Ange Gourmand<\/strong>, install\u00e9e boulevard Cl\u00e9menceau \u00e0 <strong>Strasbourg<\/strong>.<\/p>\n<p>Formation acc\u00e9l\u00e9r\u00e9e au CAP P\u00e2tisserie<\/p>\n<p class=\" wall-content\">\u00ab<strong>\u2009Ma passion me vient de ma m\u00e8re<\/strong>. On cuisinait beaucoup ensemble, et quand elle n\u2019a plus pu le faire, je cuisinais pour elle. Apr\u00e8s sa disparition et celle de mon compagnon,<strong> je me suis demand\u00e9e ce que je voulais vraiment faire de ma vie<\/strong>\u2009\u00bb, raconte-t-elle.<\/p>\n<p class=\" wall-content\">Pour concr\u00e9tiser ce projet, elle a suivi une <strong>formation acc\u00e9l\u00e9r\u00e9e au CAP p\u00e2tisserie<\/strong> au <strong>CFA (Centre de formation d\u2019apprentis) d\u2019Eschau<\/strong> durant l\u2019ann\u00e9e 2023-2024.<\/p>\n<p>Des probl\u00e8mes de sant\u00e9 qui retardent l\u2019ouverture<\/p>\n<p class=\" wall-content\">Diagnostiqu\u00e9e <strong>TDAH (Trouble d\u00e9ficit de l\u2019attention avec ou sans hyperactivit\u00e9)<\/strong> pendant cette p\u00e9riode, elle rencontre des difficult\u00e9s de concentration\u2009: \u00ab\u2009J\u2019\u00e9tais moins rapide, vite d\u00e9concentr\u00e9e.\u2009\u00bb<\/p>\n<p class=\" wall-content\">En 2024, une <strong>malformation \u00e0 la hanche<\/strong> la conduit \u00e0 <strong>deux lourdes op\u00e9rations<\/strong>, compliqu\u00e9es par une <strong>infection<\/strong>. Cela l\u2019a oblig\u00e9 \u00e0 <strong>d\u00e9caler de plusieurs mois le lancement de son activit\u00e9<\/strong>.<\/p>\n<p>Votre r\u00e9gion, votre actu !<\/p>\n<p>Recevez chaque jour les infos qui comptent pour vous.<\/p>\n<p>\t<a href=\"https:\/\/actu.fr\/newsletter\" class=\"ac-btn ac-btn--corner ac-btn--medium ac-btn--blue800\" target=\"_blank\" rel=\"noopener\">S&rsquo;incrire<\/a><br \/>\nM\u00e9lanie cherche \u00e0 gagner en visibilit\u00e9<\/p>\n<p class=\" wall-content\">Malgr\u00e9 \u00e7a, M\u00e9lanie a tenu bon et a fini par ouvrir son <a href=\"https:\/\/actu.fr\/tag\/commerce\" target=\"_blank\" rel=\"noopener\">commerce<\/a>.<\/p>\n<p class=\" wall-content\">Aujourd\u2019hui, sa client\u00e8le est \u00ab\u2009tr\u00e8s satisfaite\u2009\u00bb, mais M\u00e9lanie cherche encore \u00e0 <strong>gagner en visibilit\u00e9<\/strong>.<\/p>\n<p class=\" wall-content\">Personnalisez votre actualit\u00e9 en ajoutant vos villes et m\u00e9dias en favori avec <a href=\"https:\/\/moncompte.actu.fr\" title=\"D\u00e9couvez Mon Actu\" rel=\"nofollow noopener\" data-trk=\"{&quot;cta&quot;:{&quot;action&quot;:&quot;https:\\\/\\\/moncompte.actu.fr&quot;,&quot;category&quot;:&quot;mon compte&quot;,&quot;from&quot;:&quot;article footer&quot;,&quot;name&quot;:&quot;Mon actu&quot;,&quot;type&quot;:&quot;cta&quot;}}\" target=\"_blank\">Mon Actu<\/a>.<\/p>\n","protected":false},"excerpt":{"rendered":"Par Ivan CAPECCHI Publi\u00e9 le 29 oct. 2025 \u00e0 13h41 Apr\u00e8s neuf ans comme professeure et adjointe en&hellip;\n","protected":false},"author":2,"featured_media":497787,"comment_status":"","ping_status":"","sticky":false,"template":"","format":"standard","meta":{"footnotes":""},"categories":[2820],"tags":[1111,11,258,215,1777,674,118,1011,27,775,12,25,640],"class_list":{"0":"post-497786","1":"post","2":"type-post","3":"status-publish","4":"format-standard","5":"has-post-thumbnail","7":"category-strasbourg","8":"tag-actu","9":"tag-actualites","10":"tag-alimentation","11":"tag-commerce","12":"tag-eu","13":"tag-europe","14":"tag-faits-divers","15":"tag-fr","16":"tag-france","17":"tag-grand-est","18":"tag-news","19":"tag-republique-francaise","20":"tag-strasbourg"},"share_on_mastodon":{"url":"https:\/\/pubeurope.com\/@fr\/115457831997502609","error":""},"_links":{"self":[{"href":"https:\/\/www.europesays.com\/fr\/wp-json\/wp\/v2\/posts\/497786","targetHints":{"allow":["GET"]}}],"collection":[{"href":"https:\/\/www.europesays.com\/fr\/wp-json\/wp\/v2\/posts"}],"about":[{"href":"https:\/\/www.europesays.com\/fr\/wp-json\/wp\/v2\/types\/post"}],"author":[{"embeddable":true,"href":"https:\/\/www.europesays.com\/fr\/wp-json\/wp\/v2\/users\/2"}],"replies":[{"embeddable":true,"href":"https:\/\/www.europesays.com\/fr\/wp-json\/wp\/v2\/comments?post=497786"}],"version-history":[{"count":0,"href":"https:\/\/www.europesays.com\/fr\/wp-json\/wp\/v2\/posts\/497786\/revisions"}],"wp:featuredmedia":[{"embeddable":true,"href":"https:\/\/www.europesays.com\/fr\/wp-json\/wp\/v2\/media\/497787"}],"wp:attachment":[{"href":"https:\/\/www.europesays.com\/fr\/wp-json\/wp\/v2\/media?parent=497786"}],"wp:term":[{"taxonomy":"category","embeddable":true,"href":"https:\/\/www.europesays.com\/fr\/wp-json\/wp\/v2\/categories?post=497786"},{"taxonomy":"post_tag","embeddable":true,"href":"https:\/\/www.europesays.com\/fr\/wp-json\/wp\/v2\/tags?post=497786"}],"curies":[{"name":"wp","href":"https:\/\/api.w.org\/{rel}","templated":true}]}}