{"id":497794,"date":"2025-10-29T14:07:17","date_gmt":"2025-10-29T14:07:17","guid":{"rendered":"https:\/\/www.europesays.com\/fr\/497794\/"},"modified":"2025-10-29T14:07:17","modified_gmt":"2025-10-29T14:07:17","slug":"le-quotidien-des-prisonniers-de-guerre-eclaire","status":"publish","type":"post","link":"https:\/\/www.europesays.com\/fr\/497794\/","title":{"rendered":"Le quotidien des prisonniers de guerre \u00e9clair\u00e9"},"content":{"rendered":"<p>Au printemps 1940, en quelques semaines, 1\u00a0850\u00a0000\u00a0soldats, soit 40\u00a0% des effectifs fran\u00e7ais, sont faits prisonniers. Pr\u00e8s d\u20191,6\u00a0million de ces hommes seront transf\u00e9r\u00e9s en Allemagne, la majorit\u00e9 \u00e9tant destin\u00e9e \u00e0 devenir une main-d\u2019\u0153uvre corv\u00e9able \u00e0 merci pour le IIIe\u00a0Reich. Et pourtant, de la vie dans les stalags et des conditions de travail de ces captifs, que savons-nous exactement\u00a0?<\/p>\n<p>Les manuels d\u2019histoire s\u2019\u00e9tant montr\u00e9s \u00e9trangement discrets sur le sujet, la m\u00e9moire collective n\u2019a, de fait, bien peu retenu de ce chapitre pourtant essentiel du conflit. Une exposition franco-allemande, cor\u00e9alis\u00e9e par l\u2019APFAG et le M\u00e9morial et Mus\u00e9um de Trutzhain, qui se tient actuellement \u00e0 la <a href=\"https:\/\/www.bing.com\/search?pglt=43&amp;q=Maison+des+Hommes+et+des+Techniques+presse+oc%C3%A9an&amp;cvid=b2b22f94381a484bbdd2345b1ed23277&amp;gs_lcrp=EgRlZGdlKgYIABBFGDkyBggAEEUYOdIBCDM5NDJqMGoxqAIAsAIA&amp;FORM=ANNTA1&amp;PC=U531\" target=\"_blank\" rel=\"noopener\">Maison des Hommes et des Techniques <\/a>de Nantes, vient \u00e0 point nomm\u00e9 d\u00e9voiler ce que fut le quotidien de ces Fran\u00e7ais exil\u00e9s. De la reddition, \u00e0 la capture, en passant par les affectations dans les kommandos de travail, les 22\u00a0panneaux, aussi p\u00e9dagogiques qu\u2019efficacement illustr\u00e9s, disent tout, ou presque, des conditions de d\u00e9tentions et de travail des prisonniers.<\/p>\n<p><strong>Un prisonnier nomm\u00e9 Mitterrand<\/strong><\/p>\n<p>\u00a0Un des int\u00e9r\u00eats de cette exposition est de donner la parole aux protagonistes eux-m\u00eames\u00a0, insiste Vincent Peton le vice-pr\u00e9sident de l\u2019ADAPG (association des descendants des anciens prisonniers de guerre). \u00a0Outre le texte explicatif, nos panneaux laissent une grande place aux t\u00e9moignages d\u2019\u00e9poque. T\u00e9moignages souvent collect\u00e9s dans les lettres ou aupr\u00e8s des familles\u00a0. Promiscuit\u00e9 difficile, probl\u00e8mes d\u2019hygi\u00e8ne et de sant\u00e9 chroniques, sous alimentation g\u00e9n\u00e9ralis\u00e9e et conditions de travail indescriptibles\u2026 Ces r\u00e9cits, de premi\u00e8re main, offrent une vision concr\u00e8te, et comme \u00e0 auteur d\u2019homme, des \u00e9v\u00e9nements. Cependant nuanc\u00e9e, l\u2019exposition, sans jamais minimiser la gravit\u00e9 des faits, vient \u00e9galement rappeler que le sourire n\u2019\u00e9tait pas toujours totalement banni des camps.<\/p>\n<p>Quelques masques et dessins viennent d\u2019ailleurs nous rappeler qu\u2019une vie culturelle y fut en quasi-permanence maintenue \u00a0Des conf\u00e9rences et des pi\u00e8ces y furent donn\u00e9es. Le Stalag IX disposait d\u2019ailleurs d\u2019une imposante biblioth\u00e8que. Fran\u00e7ois Mitterrand se souvient y avoir trouv\u00e9 les m\u00e9moires d\u2019un officier d\u00e9taillant ses \u00e9vasions durant la premi\u00e8re guerre. Une lecture qui lui fut tr\u00e8s utile.\u00a0 Un dernier panneau vient rappeler que le retour en France des prisonniers ne fut pas n\u00e9cessairement le moment de bonheur escompt\u00e9. \u00a0Outre certaines situations familiales d\u00e9licates, nos prisonniers souffrirent assez vite d\u2019un manque de consid\u00e9ration. En 1945\u00a0la gloire allait bien s\u00fbr aux r\u00e9sistants et l\u2019\u00e9motion, bien \u00e9videmment, aux d\u00e9port\u00e9s. Nos prisonniers \u00e9taient devenus, bien malgr\u00e9 eux, le symbole de la peu glorieuse d\u00e9faite de 40\u00a0.<\/p>\n<p>La vie quotidienne des prisonniers de guerre fran\u00e7ais en Allemagne pendant la Seconde Guerre mondiale, \u00e0 la Maison des Hommes et des Techniques, 2\u00a0bis bd L\u00e9on Bureau, jusqu\u2019au 7\u00a0novembre. Entr\u00e9e libre. Info\u00a0: www.adapg-asso.fr<\/p>\n<p>\u00a0<\/p>\n","protected":false},"excerpt":{"rendered":"Au printemps 1940, en quelques semaines, 1\u00a0850\u00a0000\u00a0soldats, soit 40\u00a0% des effectifs fran\u00e7ais, sont faits prisonniers. Pr\u00e8s d\u20191,6\u00a0million de&hellip;\n","protected":false},"author":2,"featured_media":497795,"comment_status":"","ping_status":"","sticky":false,"template":"","format":"standard","meta":{"footnotes":""},"categories":[2818],"tags":[1111,11,62031,1777,674,1011,27,1146,766,12,2636,807,1404,25],"class_list":{"0":"post-497794","1":"post","2":"type-post","3":"status-publish","4":"format-standard","5":"has-post-thumbnail","7":"category-nantes","8":"tag-actu","9":"tag-actualites","10":"tag-eclaire","11":"tag-eu","12":"tag-europe","13":"tag-fr","14":"tag-france","15":"tag-guerre","16":"tag-nantes","17":"tag-news","18":"tag-pays-de-la-loire","19":"tag-prisonniers","20":"tag-quotidien","21":"tag-republique-francaise"},"share_on_mastodon":{"url":"https:\/\/pubeurope.com\/@fr\/115457847823819607","error":""},"_links":{"self":[{"href":"https:\/\/www.europesays.com\/fr\/wp-json\/wp\/v2\/posts\/497794","targetHints":{"allow":["GET"]}}],"collection":[{"href":"https:\/\/www.europesays.com\/fr\/wp-json\/wp\/v2\/posts"}],"about":[{"href":"https:\/\/www.europesays.com\/fr\/wp-json\/wp\/v2\/types\/post"}],"author":[{"embeddable":true,"href":"https:\/\/www.europesays.com\/fr\/wp-json\/wp\/v2\/users\/2"}],"replies":[{"embeddable":true,"href":"https:\/\/www.europesays.com\/fr\/wp-json\/wp\/v2\/comments?post=497794"}],"version-history":[{"count":0,"href":"https:\/\/www.europesays.com\/fr\/wp-json\/wp\/v2\/posts\/497794\/revisions"}],"wp:featuredmedia":[{"embeddable":true,"href":"https:\/\/www.europesays.com\/fr\/wp-json\/wp\/v2\/media\/497795"}],"wp:attachment":[{"href":"https:\/\/www.europesays.com\/fr\/wp-json\/wp\/v2\/media?parent=497794"}],"wp:term":[{"taxonomy":"category","embeddable":true,"href":"https:\/\/www.europesays.com\/fr\/wp-json\/wp\/v2\/categories?post=497794"},{"taxonomy":"post_tag","embeddable":true,"href":"https:\/\/www.europesays.com\/fr\/wp-json\/wp\/v2\/tags?post=497794"}],"curies":[{"name":"wp","href":"https:\/\/api.w.org\/{rel}","templated":true}]}}