{"id":49780,"date":"2025-04-24T18:14:09","date_gmt":"2025-04-24T18:14:09","guid":{"rendered":"https:\/\/www.europesays.com\/fr\/49780\/"},"modified":"2025-04-24T18:14:09","modified_gmt":"2025-04-24T18:14:09","slug":"lyon-2e-la-ville-fait-toute-la-lumiere-sur-les-zones-dombre-prevues-a-bellecour","status":"publish","type":"post","link":"https:\/\/www.europesays.com\/fr\/49780\/","title":{"rendered":"Lyon (2e). La Ville fait toute la lumi\u00e8re sur les zones d\u2019ombre pr\u00e9vues \u00e0 Bellecour"},"content":{"rendered":"<p>                    Une \u0153uvre monumentale<\/p>\n<p>Plusieurs grands portiques en bois soutenant des l\u00e9s de tissu jaune orang\u00e9 ont fait leur apparition \u00e0 Bellecour. De quoi entrevoir le projet d\u2019ombri\u00e8re g\u00e9ante financ\u00e9 par la ville de Lyon. L\u2019\u0153uvre, baptis\u00e9e \u00ab\u00a0Tissage Urbain\u00a0\u00bb, con\u00e7ue par Romain Froquet et Tristan Isra\u00ebl en s\u2019inspirant des canuts et tisserands lyonnais, comprendra trois grandes travers\u00e9es en partie couvertes, accessibles au public d\u00e9but juillet\u00a02025.<\/p>\n<p>Se prot\u00e9ger du soleil artistiquement<\/p>\n<p>Lors des grosses chaleurs, les passants prenaient l\u2019habitude de longer les immeubles, le plus \u00e0 l\u2019ombre possible, plut\u00f4t que de se lancer dans un parcours en plein soleil. Les trois cheminements&#8230;<\/p>\n","protected":false},"excerpt":{"rendered":"Une \u0153uvre monumentale Plusieurs grands portiques en bois soutenant des l\u00e9s de tissu jaune orang\u00e9 ont fait leur&hellip;\n","protected":false},"author":2,"featured_media":49781,"comment_status":"","ping_status":"","sticky":false,"template":"","format":"standard","meta":{"footnotes":""},"categories":[1889],"tags":[1111,11,2430,2757,1777,674,1011,27,3539,2428,12354,12353,12,316,25,2429],"class_list":{"0":"post-49780","1":"post","2":"type-post","3":"status-publish","4":"format-standard","5":"has-post-thumbnail","7":"category-lyon","8":"tag-actu","9":"tag-actualites","10":"tag-auvergne-rhone-alpes","11":"tag-edition-lyon-villeurbanne","12":"tag-eu","13":"tag-europe","14":"tag-fr","15":"tag-france","16":"tag-les-ecologistes","17":"tag-lyon","18":"tag-lyon-2e","19":"tag-lyon-2e-arrondissement","20":"tag-news","21":"tag-politique","22":"tag-republique-francaise","23":"tag-rhone"},"share_on_mastodon":{"url":"https:\/\/pubeurope.com\/@fr\/114394304584831906","error":""},"_links":{"self":[{"href":"https:\/\/www.europesays.com\/fr\/wp-json\/wp\/v2\/posts\/49780","targetHints":{"allow":["GET"]}}],"collection":[{"href":"https:\/\/www.europesays.com\/fr\/wp-json\/wp\/v2\/posts"}],"about":[{"href":"https:\/\/www.europesays.com\/fr\/wp-json\/wp\/v2\/types\/post"}],"author":[{"embeddable":true,"href":"https:\/\/www.europesays.com\/fr\/wp-json\/wp\/v2\/users\/2"}],"replies":[{"embeddable":true,"href":"https:\/\/www.europesays.com\/fr\/wp-json\/wp\/v2\/comments?post=49780"}],"version-history":[{"count":0,"href":"https:\/\/www.europesays.com\/fr\/wp-json\/wp\/v2\/posts\/49780\/revisions"}],"wp:featuredmedia":[{"embeddable":true,"href":"https:\/\/www.europesays.com\/fr\/wp-json\/wp\/v2\/media\/49781"}],"wp:attachment":[{"href":"https:\/\/www.europesays.com\/fr\/wp-json\/wp\/v2\/media?parent=49780"}],"wp:term":[{"taxonomy":"category","embeddable":true,"href":"https:\/\/www.europesays.com\/fr\/wp-json\/wp\/v2\/categories?post=49780"},{"taxonomy":"post_tag","embeddable":true,"href":"https:\/\/www.europesays.com\/fr\/wp-json\/wp\/v2\/tags?post=49780"}],"curies":[{"name":"wp","href":"https:\/\/api.w.org\/{rel}","templated":true}]}}