{"id":497809,"date":"2025-10-29T14:15:26","date_gmt":"2025-10-29T14:15:26","guid":{"rendered":"https:\/\/www.europesays.com\/fr\/497809\/"},"modified":"2025-10-29T14:15:26","modified_gmt":"2025-10-29T14:15:26","slug":"de-marseille-a-lafrique-du-sud-les-kretz-rois-de-limmobilier-sont-de-retour","status":"publish","type":"post","link":"https:\/\/www.europesays.com\/fr\/497809\/","title":{"rendered":"de Marseille \u00e0 l&rsquo;Afrique du Sud, les Kretz, rois de l&rsquo;immobilier, sont de retour"},"content":{"rendered":"<p>Quand on parle d&rsquo;immobilier de luxe, on pense forc\u00e9ment \u00e0 \u00ab\u00a0L&rsquo;Agence\u00a0\u00bb, ce programme qui cartonne sur Netflix et TMC. Et \u00e7a tombe bien, la 6e saison &#8211; qui sera plus longue que les pr\u00e9c\u00e9dentes &#8211; sera diffus\u00e9e \u00e0 partir du jeudi 20 novembre (21h25).<\/p>\n<p><img alt=\"La famille Kretz revient pour une 6e saison \u00e0 partir du 20 novembre.\" loading=\"lazy\" decoding=\"async\" data-nimg=\"fill\" class=\" TwicCore_img__i9TC1 undefined  undefined\" style=\"position:absolute;height:100%;width:100%;left:0;top:0;right:0;bottom:0;color:transparent;background-size:cover;background-position:50% 50%;background-repeat:no-repeat;background-image:url(&quot;data:image\/svg+xml;charset=utf-8,%3Csvg xmlns='http:\/\/www.w3.org\/2000\/svg' %3E%3Cfilter id='b' color-interpolation-filters='sRGB'%3E%3CfeGaussianBlur stdDeviation='20'\/%3E%3CfeColorMatrix values='1 0 0 0 0 0 1 0 0 0 0 0 1 0 0 0 0 0 100 -1' result='s'\/%3E%3CfeFlood x='0' y='0' width='100%25' height='100%25'\/%3E%3CfeComposite operator='out' in='s'\/%3E%3CfeComposite in2='SourceGraphic'\/%3E%3CfeGaussianBlur stdDeviation='20'\/%3E%3C\/filter%3E%3Cimage width='100%25' height='100%25' x='0' y='0' preserveAspectRatio='none' style='filter: url(%23b);' href='https:\/\/pictures.laprovence.com\/cdn-cgi\/image\/blur=250\/media\/melody\/2025\/10\/29\/la-famille-kretz-revient-pour-une-6e-saison-a-partir-du-20-novembre-1761729496_312e4d5bd1096652e4d5bd109792e4v_.jpg'\/%3E%3C\/svg%3E&quot;)\"   src=\"https:\/\/www.europesays.com\/fr\/wp-content\/uploads\/2025\/10\/la-famille-kretz-revient-pour-une-6e-saison-a-partir-du-20-novembre-1761729496_312e4d5bd1096652e4d5b.jpeg\"\/>La famille Kretz revient pour une 6e saison \u00e0 partir du 20 novembre. Photo TMC<\/p>\n<p><a href=\"https:\/\/www.laprovence.com\/article\/region\/21806089934280\/lagence-immobiliere-kretz-mediatisee-sur-netflix-vise-marseille-et-ses-biens-dexception\" target=\"_blank\" rel=\"noopener\">La famille Kretz<\/a>, les parents Sandrine et Olivier, mais aussi les enfants Valentin, Martin, Louis et Rapha\u00ebl, d\u00e9voile les coulisses de son quotidien : celui de vendre ou de trouver des biens exceptionnels pour des clients exigeants.<\/p>\n<p>Des c\u00e9l\u00e9brit\u00e9s comme <strong>Adriana Karembeu<\/strong> ou l&rsquo;investisseur marseillais <strong>Marc Simoncini<\/strong> mais aussi des anonymes ayant r\u00e9ussi dans diff\u00e9rents domaines. \u00ab\u00a0On est all\u00e9 \u00e0 Hong Kong, on a \u00e9t\u00e9 \u00e0 Porto Fino pour faire visiter l&rsquo;une des plus belles maisons que j&rsquo;ai pu voir dans ma carri\u00e8re, voisine de celle de Dolce et Gabbana\u00a0\u00bb, pr\u00e9sentent Valentin et Martin Kretz.<\/p>\n<p>Sans oublier pour cette saison un passage \u00e0 Majorque, en Afrique du Sud mais aussi dans les quartiers tr\u00e8s luxueux de Paris. \u00ab\u00a0Et bien s\u00fbr la province, rappelle le patriarche Olivier. L&rsquo;Agence s&rsquo;\u00e9tend partout en France dans toutes les r\u00e9gions fran\u00e7aises. On a une centaine d&rsquo;agents. On d\u00e9couvre des p\u00e9pites et le patrimoine\u00a0\u00bb.\u00a0<\/p>\n<p>La cr\u00e9ation d&rsquo;une agence physique<br \/>\n<img alt=\"Un mariage, une naissance, un d\u00e9part... cette 6e saison r\u00e9serve de nombreuses surprises.\" loading=\"lazy\" decoding=\"async\" data-nimg=\"fill\" class=\" TwicCore_img__i9TC1 undefined  undefined\" style=\"position:absolute;height:100%;width:100%;left:0;top:0;right:0;bottom:0;color:transparent;background-size:cover;background-position:50% 50%;background-repeat:no-repeat;background-image:url(&quot;data:image\/svg+xml;charset=utf-8,%3Csvg xmlns='http:\/\/www.w3.org\/2000\/svg' %3E%3Cfilter id='b' color-interpolation-filters='sRGB'%3E%3CfeGaussianBlur stdDeviation='20'\/%3E%3CfeColorMatrix values='1 0 0 0 0 0 1 0 0 0 0 0 1 0 0 0 0 0 100 -1' result='s'\/%3E%3CfeFlood x='0' y='0' width='100%25' height='100%25'\/%3E%3CfeComposite operator='out' in='s'\/%3E%3CfeComposite in2='SourceGraphic'\/%3E%3CfeGaussianBlur stdDeviation='20'\/%3E%3C\/filter%3E%3Cimage width='100%25' height='100%25' x='0' y='0' preserveAspectRatio='none' style='filter: url(%23b);' href='https:\/\/pictures.laprovence.com\/cdn-cgi\/image\/blur=250\/media\/melody\/2025\/10\/29\/un-mariage-une-naissance-un-depart-cette-6e-saison-reserve-de-nombreuses-surprises-1761729496_2a6e2e8bd10963e6e2e8bd109227e2v_.jpg'\/%3E%3C\/svg%3E&quot;)\"   src=\"https:\/\/www.europesays.com\/fr\/wp-content\/uploads\/2025\/10\/un-mariage-une-naissance-un-depart-cette-6e-saison-reserve-de-nombreuses-surprises-1761729496_2a6e2e.jpeg\"\/>Un mariage, une naissance, un d\u00e9part&#8230; cette 6e saison r\u00e9serve de nombreuses surprises. EDDY BRIERE \/ TMC<\/p>\n<p>Et notamment en Provence o\u00f9 il y a encore que quelques jours, Olivier Kretz \u00e9tait du c\u00f4t\u00e9 d&rsquo;Aix-en-Provence pour assurer une vente. \u00ab\u00a0Il y a encore de nombreuses visites \u00e0 Marseille, dans la r\u00e9gion et en Corse\u00a0\u00bb, assure la production. <a href=\"https:\/\/www.laprovence.com\/article\/culture-loisirs\/12974022900833\/video-valentin-kretz-de-l-agence-sur-netflix-un-cabanon-a-sormiou-c-est-aussi-ca-l-idee-du-luxe\" target=\"_blank\" rel=\"noopener\">Un vrai bonheur pour Valentin qui, comme il nous le confiait il y a quelques mois, est le plus \u00ab\u00a0marseillais\u00a0\u00bb des Kretz.<\/a> \u00ab\u00a0J&rsquo;ai une attache particuli\u00e8re avec cette ville que j&rsquo;adore, sourit l&rsquo;agent immobilier. On a d\u00e9velopp\u00e9 une sacr\u00e9e \u00e9quipe \u00e0 Marseille et aux alentours jusqu&rsquo;\u00e0 Toulon en passant par Cassis.\u00a0\u00bb\u00a0<\/p>\n<p>Une vingtaine d&rsquo;agents qui travaillent pour l&rsquo;Agence dans une \u00ab\u00a0r\u00e9gion tr\u00e8s active et attractive pour les Parisiens mais pas que. Les Bordelais par exemple qui veulent changer de &lsquo;lifestyle&rsquo; ou encore des grandes familles marseillaises qui veulent \u00e9voluer.\u00a0\u00bb<\/p>\n<p>C&rsquo;est d&rsquo;ailleurs dans la cit\u00e9 phoc\u00e9enne que Valentin Kretz souhaite s&rsquo;installer si un projet, principale nouveaut\u00e9 de cette saison, aboutit \u00e0 Paris. \u00ab\u00a0On veut d\u00e9velopper des agences physiques, pr\u00e9sente Martin Kretz, pour consolider notre pr\u00e9sence sur le terrain\u00a0\u00bb. Un investissement important pour r\u00e9ussir \u00e0 mixer leur c\u00f4t\u00e9 \u00ab\u00a0100% digital\u00a0\u00bb qui a fait leur notori\u00e9t\u00e9 et leur ancrage local.<\/p>\n<p>\u00ab\u00a0Dans ma t\u00eate, si \u00e7a fonctionne \u00e0 Paris, il faudra reproduire ce sch\u00e9ma \u00e0 Marseille\u00a0\u00bb, tranche Valentin Kretz.\u00a0<\/p>\n<p>D&rsquo;ici l\u00e0, la famille l&rsquo;assure et TF1 aussi : une septi\u00e8me saison est d\u00e9j\u00e0 dans les cartons.<\/p>\n<p>\u00ab\u00a0L&rsquo;Agence\u00a0\u00bb, jeudi 20 novembre \u00e0 partir de 21h25 sur TMC et TF1 +<\/p>\n<p><img alt=\"\" loading=\"lazy\" width=\"18\" height=\"18\" decoding=\"async\" data-nimg=\"1\" class=\"mx-[8px]\" style=\"color:transparent\" src=\"https:\/\/www.laprovence.com\/_next\/static\/media\/comment.b95dda91.svg\"\/>D\u00e9marrez la conversation<\/p>\n<p class=\"text-[1.8rem] mt-[32px]\">Votre opinion compte pour nous. Rejoignez la communaut\u00e9 laprovence.com en r\u00e9agissant sur l&rsquo;article \u00ab\u00a0L&rsquo;Agence\u00a0\u00bb sur TMC : de Marseille \u00e0 l&rsquo;Afrique du Sud, les Kretz, rois de l&rsquo;immobilier, sont de retour.<\/p>\n","protected":false},"excerpt":{"rendered":"Quand on parle d&rsquo;immobilier de luxe, on pense forc\u00e9ment \u00e0 \u00ab\u00a0L&rsquo;Agence\u00a0\u00bb, ce programme qui cartonne sur Netflix et&hellip;\n","protected":false},"author":2,"featured_media":25219,"comment_status":"","ping_status":"","sticky":false,"template":"","format":"standard","meta":{"footnotes":""},"categories":[2814],"tags":[17,1111,11,251,1777,674,1011,27,21062,7113,151,884,12,882,25,7053,3356,8648],"class_list":{"0":"post-497809","1":"post","2":"type-post","3":"status-publish","4":"format-standard","5":"has-post-thumbnail","7":"category-marseille","8":"tag-17","9":"tag-actu","10":"tag-actualites","11":"tag-culture","12":"tag-eu","13":"tag-europe","14":"tag-fr","15":"tag-france","16":"tag-lafrique","17":"tag-lagence","18":"tag-les","19":"tag-marseille","20":"tag-news","21":"tag-provence-alpes-cote-dazur","22":"tag-republique-francaise","23":"tag-sud","24":"tag-sur","25":"tag-tmc"},"share_on_mastodon":{"url":"https:\/\/pubeurope.com\/@fr\/115457879429775558","error":""},"_links":{"self":[{"href":"https:\/\/www.europesays.com\/fr\/wp-json\/wp\/v2\/posts\/497809","targetHints":{"allow":["GET"]}}],"collection":[{"href":"https:\/\/www.europesays.com\/fr\/wp-json\/wp\/v2\/posts"}],"about":[{"href":"https:\/\/www.europesays.com\/fr\/wp-json\/wp\/v2\/types\/post"}],"author":[{"embeddable":true,"href":"https:\/\/www.europesays.com\/fr\/wp-json\/wp\/v2\/users\/2"}],"replies":[{"embeddable":true,"href":"https:\/\/www.europesays.com\/fr\/wp-json\/wp\/v2\/comments?post=497809"}],"version-history":[{"count":0,"href":"https:\/\/www.europesays.com\/fr\/wp-json\/wp\/v2\/posts\/497809\/revisions"}],"wp:featuredmedia":[{"embeddable":true,"href":"https:\/\/www.europesays.com\/fr\/wp-json\/wp\/v2\/media\/25219"}],"wp:attachment":[{"href":"https:\/\/www.europesays.com\/fr\/wp-json\/wp\/v2\/media?parent=497809"}],"wp:term":[{"taxonomy":"category","embeddable":true,"href":"https:\/\/www.europesays.com\/fr\/wp-json\/wp\/v2\/categories?post=497809"},{"taxonomy":"post_tag","embeddable":true,"href":"https:\/\/www.europesays.com\/fr\/wp-json\/wp\/v2\/tags?post=497809"}],"curies":[{"name":"wp","href":"https:\/\/api.w.org\/{rel}","templated":true}]}}