{"id":497814,"date":"2025-10-29T14:18:14","date_gmt":"2025-10-29T14:18:14","guid":{"rendered":"https:\/\/www.europesays.com\/fr\/497814\/"},"modified":"2025-10-29T14:18:14","modified_gmt":"2025-10-29T14:18:14","slug":"jean-michel-aulas-donne-largement-en-tete-dans-un-nouveau-sondage","status":"publish","type":"post","link":"https:\/\/www.europesays.com\/fr\/497814\/","title":{"rendered":"Jean-Michel Aulas donn\u00e9 largement en t\u00eate dans un nouveau sondage"},"content":{"rendered":"<p>S\u2019il fallait une confirmation de la dynamique cr\u00e9\u00e9e par <a href=\"https:\/\/www.leprogres.fr\/p\/jean-michel-aulas\" target=\"_blank\" rel=\"nofollow noopener\">Jean-Michel Aulas<\/a>, la voici. Dans un nouveau sondage r\u00e9alis\u00e9 par l\u2019institut Opinion Way pour <a href=\"https:\/\/www.lyonmag.com\/\" target=\"_blank\" rel=\"nofollow noopener\">Lyon Mag<\/a> et Radio Espace, le candidat du bloc central et de la droite Jean-Michel Aulas est cr\u00e9dit\u00e9 de 47\u00a0% d\u2019intentions de vote au premier tour, tr\u00e8s loin devant le maire sortant <a href=\"https:\/\/www.leprogres.fr\/p\/gregory-doucet\" target=\"_blank\" rel=\"nofollow noopener\">Gr\u00e9gory Doucet<\/a>, donn\u00e9 \u00e0 24\u00a0%. Un nouveau signal d\u2019alerte pour l\u2019\u00e9cologiste, d\u2019autant que les deux autres candidates de gauche test\u00e9es, <a href=\"https:\/\/www.google.com\/url?sa=t&amp;rct=j&amp;q=&amp;esrc=s&amp;source=web&amp;cd=&amp;cad=rja&amp;uact=8&amp;ved=2ahUKEwjhstPBscmQAxWTVqQEHZbeJ9MQFnoECB4QAQ&amp;url=https%3A%2F%2Fwww.leprogres.fr%2Felections%2F2025%2F10%2F23%2Fmunicipales-2026-la-deputee-insoumise-anais-belouassa-cherifi-se-declare-candidate&amp;usg=AOvVaw1Gg_-7I6o7E0-pGm40ekQo&amp;opi=89978449\" target=\"_blank\" rel=\"nofollow noopener\">Anais Belouassa-Cherifi (LFI)<\/a> et <a href=\"https:\/\/www.leprogres.fr\/p\/nathalie-perrin-gilbert\" target=\"_blank\" rel=\"nofollow noopener\">Nathalie Perrin-Gilbert<\/a> (Lyon en Commun) r\u00e9colteraient 17\u00a0% des voix \u00e0 elles deux, respectivement 10\u00a0% et 7\u00a0%.<\/p>\n<p>Cinq points de moins pour la d\u00e9put\u00e9e insoumise par rapport au dernier <a href=\"https:\/\/www.bing.com\/ck\/a?!&amp;&amp;p=c638932334431bb3598912cfe3e0797ad4ecc7f99d851379c6cbb24f21d690caJmltdHM9MTc2MTY5NjAwMA&amp;ptn=3&amp;ver=2&amp;hsh=4&amp;fclid=10b30ab8-39ef-6c49-31be-1c3d38bc6dc9&amp;psq=sondage+aulas+verian+lyon+leprogres&amp;u=a1aHR0cHM6Ly93d3cubGVwcm9ncmVzLmZyL3BvbGl0aXF1ZS8yMDI1LzEwLzE0L211bmljaXBhbGVzLTIwMjYtamVhbi1taWNoZWwtYXVsYXMtcHJvY2hlLWQtdW5lLWVsZWN0aW9uLWF1LXByZW1pZXItdG91ci1zZWxvbi11bi1ub3V2ZWF1LXNvbmRhZ2U\" target=\"_blank\" rel=\"nofollow noopener\">sondage sorti \u00e0 la mi-octobre par le mensuel Mag2Lyon<\/a> , qui voyait Nathalie Perrin-Gilbert au m\u00eame niveau. M\u00eame cr\u00e9dit d\u2019intentions de vote \u00e9galement pour le candidat de l\u2019union des droites et du Rassemblement National, Alexandre Humbert-Dupalais, \u00e0 8\u00a0%. L\u2019ancien maire Georges K\u00e9p\u00e9n\u00e9kian tombe, lui, \u00e0 3\u00a0% d\u2019apr\u00e8s ce nouveau sondage, tandis qu\u2019une hypoth\u00e9tique candidature de Lutte ouvri\u00e8re emmen\u00e9e par Olivier Minoux, est test\u00e9e \u00e0 1\u00a0% d\u2019intentions de vote.<\/p>\n<p>  Les plus jeunes \u00e0 gauche, les cadres sup\u00e9rieurs et retrait\u00e9s vers Aulas<\/p>\n<p>D\u2019apr\u00e8s le sondeur Opinion Way, des tendances dans les intentions de vote se d\u00e9gagent selon les profils des 602 personnes inscrites sur les listes \u00e9lectorales interrog\u00e9es. Chez les 18-24 ans, les trois candidats de gauche rafleraient plus de 80\u00a0% des voix\u00a0: 37\u00a0% dirigeraient leur vote vers Gr\u00e9gory Doucet, 30\u00a0% \u00e0 Nathalie Perrin-Gilbert et 17\u00a0% pour <a href=\"https:\/\/www.leprogres.fr\/p\/anais-belouassa-cherifi\" target=\"_blank\" rel=\"nofollow noopener\">Ana\u00efs Belouassa-Cherifi<\/a>. Sur la pyramide des \u00e2ges, le contraste est saisissant\u00a0: Jean-Michel Aulas est cr\u00e9dit\u00e9 de 48\u00a0% sur les 40-54 ans, de 67\u00a0% sur les 55-64 ans et de 58\u00a0% pour les 65 ans et plus.<\/p>\n<p>Pr\u00e8s de la moiti\u00e9 (47\u00a0%) des CSP +\u00a0donnerait leur voix \u00e0 l\u2019ancien patron de l\u2019OL (contre 24\u00a0% pour Gr\u00e9gory Doucet), mais \u00e9galement 45\u00a0% des CSP- &#8211; comme classifi\u00e9 par le sondeur -, comme un signe que <a href=\"https:\/\/www.google.com\/url?sa=t&amp;rct=j&amp;q=&amp;esrc=s&amp;source=web&amp;cd=&amp;cad=rja&amp;uact=8&amp;ved=2ahUKEwj5wbHUscmQAxWyVaQEHUIAJ5QQFnoECBgQAQ&amp;url=https%3A%2F%2Fwww.leprogres.fr%2Fp%2Fjean-michel-aulas&amp;usg=AOvVaw1PNDg1MuxEVu31P9UtXWrx&amp;opi=89978449\" target=\"_blank\" rel=\"nofollow noopener\">l\u2019entrepreneur \u00e0 succ\u00e8s de 76 ans<\/a> a l\u2019oreille d\u2019une partie des classes les plus populaires.<\/p>\n<p>  La bataille m\u00e9tropolitaine sera serr\u00e9e<\/p>\n<p>Dans cette parution \u00e0 venir \u00e0 la fin du mois, OpinionWay a \u00e9galement test\u00e9 le premier tour des \u00e9lections m\u00e9tropolitaines. L\u00e0 encore, les chiffres viennent confirmer l\u2019autre sondage r\u00e9alis\u00e9 ce mois-ci. C\u2019est V\u00e9ronique Sarselli, candidate des R\u00e9publicains, qui sortirait en t\u00eate avec 36\u00a0% des voix, neuf points devant le pr\u00e9sident \u00e9cologiste sortant <a href=\"https:\/\/www.leprogres.fr\/p\/bruno-bernard\" target=\"_blank\" rel=\"nofollow noopener\">Bruno Bernard<\/a>, 27\u00a0%. Le Rassemblement national et l\u2019union des droites, dont la liste sera men\u00e9e par la d\u00e9put\u00e9e <a href=\"https:\/\/www.leprogres.fr\/p\/tiffany-joncour\" target=\"_blank\" rel=\"nofollow noopener\">Tiffany Joncour<\/a> (et non pas <a href=\"https:\/\/www.leprogres.fr\/p\/andrea-kotarac\" target=\"_blank\" rel=\"nofollow noopener\">Andr\u00e9a Kotarac<\/a>, candidat test\u00e9 ici), sont cr\u00e9dit\u00e9s de 20\u00a0% des intentions de vote. La France insoumise, qui n\u2019a, elle, pas encore investie de candidat, r\u00e9colterait 15\u00a0% des voix avec une liste men\u00e9e par le d\u00e9put\u00e9 <a href=\"https:\/\/www.leprogres.fr\/p\/idir-boumertit\" target=\"_blank\" rel=\"nofollow noopener\">Idir Boumertit<\/a>.<\/p>\n<p class=\"note\">Enqu\u00eate r\u00e9alis\u00e9e par l\u2019institut de sondage Opinion Way pour le magazine mensuel Lyon Mag et Radio Espace, en ligne sur syst\u00e8me CAWI, du 15 au 20\u00a0octobre 2025 sur un \u00e9chantillon de 602 personnes inscrites sur les listes \u00e9lectorales \u00e0 Lyon (1\u00a0013 personnes inscrites sur les listes \u00e9lectorales pour les m\u00e9tropolitaines), \u00e2g\u00e9es de 18 ans et repr\u00e9sentatif. Les marges d\u2019incertitudes \u00e9tant les suivantes\u00a0: 1.8 \u00e0 4.1 points au plus pour un \u00e9chantillon de 600 personnes et 1.4 \u00e0 3.1 points pour un \u00e9chantillon de 1\u00a0000 r\u00e9pondants.<\/p>\n","protected":false},"excerpt":{"rendered":"S\u2019il fallait une confirmation de la dynamique cr\u00e9\u00e9e par Jean-Michel Aulas, la voici. Dans un nouveau sondage r\u00e9alis\u00e9&hellip;\n","protected":false},"author":2,"featured_media":497815,"comment_status":"","ping_status":"","sticky":false,"template":"","format":"standard","meta":{"footnotes":""},"categories":[1889],"tags":[1111,11,2430,1984,2757,4188,1777,674,107,1011,27,3540,2338,3539,6319,2428,2756,2759,12,8387,3541,316,1078,3370,25,2429],"class_list":{"0":"post-497814","1":"post","2":"type-post","3":"status-publish","4":"format-standard","5":"has-post-thumbnail","7":"category-lyon","8":"tag-actu","9":"tag-actualites","10":"tag-auvergne-rhone-alpes","11":"tag-conseil-municipal","12":"tag-edition-lyon-villeurbanne","13":"tag-elections-municipales","14":"tag-eu","15":"tag-europe","16":"tag-fil-info","17":"tag-fr","18":"tag-france","19":"tag-horizons","20":"tag-la-france-insoumise","21":"tag-les-ecologistes","22":"tag-les-republicains","23":"tag-lyon","24":"tag-lyon-bassin","25":"tag-modem","26":"tag-news","27":"tag-parti-communiste","28":"tag-parti-socialiste","29":"tag-politique","30":"tag-rassemblement-national","31":"tag-renaissance","32":"tag-republique-francaise","33":"tag-rhone"},"share_on_mastodon":{"url":"https:\/\/pubeurope.com\/@fr\/115457890914545692","error":""},"_links":{"self":[{"href":"https:\/\/www.europesays.com\/fr\/wp-json\/wp\/v2\/posts\/497814","targetHints":{"allow":["GET"]}}],"collection":[{"href":"https:\/\/www.europesays.com\/fr\/wp-json\/wp\/v2\/posts"}],"about":[{"href":"https:\/\/www.europesays.com\/fr\/wp-json\/wp\/v2\/types\/post"}],"author":[{"embeddable":true,"href":"https:\/\/www.europesays.com\/fr\/wp-json\/wp\/v2\/users\/2"}],"replies":[{"embeddable":true,"href":"https:\/\/www.europesays.com\/fr\/wp-json\/wp\/v2\/comments?post=497814"}],"version-history":[{"count":0,"href":"https:\/\/www.europesays.com\/fr\/wp-json\/wp\/v2\/posts\/497814\/revisions"}],"wp:featuredmedia":[{"embeddable":true,"href":"https:\/\/www.europesays.com\/fr\/wp-json\/wp\/v2\/media\/497815"}],"wp:attachment":[{"href":"https:\/\/www.europesays.com\/fr\/wp-json\/wp\/v2\/media?parent=497814"}],"wp:term":[{"taxonomy":"category","embeddable":true,"href":"https:\/\/www.europesays.com\/fr\/wp-json\/wp\/v2\/categories?post=497814"},{"taxonomy":"post_tag","embeddable":true,"href":"https:\/\/www.europesays.com\/fr\/wp-json\/wp\/v2\/tags?post=497814"}],"curies":[{"name":"wp","href":"https:\/\/api.w.org\/{rel}","templated":true}]}}