{"id":497816,"date":"2025-10-29T14:20:29","date_gmt":"2025-10-29T14:20:29","guid":{"rendered":"https:\/\/www.europesays.com\/fr\/497816\/"},"modified":"2025-10-29T14:20:29","modified_gmt":"2025-10-29T14:20:29","slug":"recto-verso-lart-de-randonner-autour-de-paris-sans-prendre-sa-voiture","status":"publish","type":"post","link":"https:\/\/www.europesays.com\/fr\/497816\/","title":{"rendered":"Recto Verso : l&rsquo;art de randonner autour de Paris sans prendre sa voiture"},"content":{"rendered":"<p>Trouver un sentier sauvage, un vallon oubli\u00e9 ou une for\u00eat peu fr\u00e9quent\u00e9e sans quitter l\u2019\u00cele-de-France\u00a0: c\u2019est le pari relev\u00e9 par Recto Verso, le m\u00e9dia outdoor qui lance le coffret \u201c\u00cele-de-France\u201d aujourd\u2019hui, mercredi 29\u00a0octobre 2025, en pr\u00e9commande. Plus besoin de voiture, de mat\u00e9riel technique ou de grande organisation\u00a0: tout ici invite \u00e0 s\u2019\u00e9vader simplement, souvent en moins d\u2019une heure depuis le centre de Paris.<\/p>\n<p>\u201cPersonne ne pense \u00e0 l\u2019\u00cele-de-France quand on pense \u00e0 une randonn\u00e9e. C\u2019est le dernier endroit o\u00f9 on s\u2019imagine s\u2019\u00e9chapper. Nous avons voulu redonner ses lettres de noblesse \u00e0 un territoire un peu d\u00e9cri\u00e9. Parce qu\u2019en r\u00e9alit\u00e9, il y a plein de choses \u00e0 faire, \u00e0 d\u00e9couvrir. Alors, nous avons voulu relever le challenge\u201d, explique Meg-Anne Lagr\u00e8ve, directrice marketing de Recto Verso.<\/p>\n<p>                Un coffret pour tous\u00a0: randonneur d\u00e9butant, familles, trailer\u2026<\/p>\n<p>Au c\u0153ur de ce coffret, une grande carte papier recense cent parcours test\u00e9s et s\u00e9lectionn\u00e9s \u00e0 travers la r\u00e9gion, avec un verso consacr\u00e9 au plan de transport francilien pour rejoindre chaque d\u00e9part\u2026 et chaque arriv\u00e9e, toujours sans voiture. L\u2019accent a \u00e9t\u00e9 mis sur l\u2019inclusivit\u00e9 et la d\u00e9mocratisation de l\u2019acc\u00e8s \u00e0 la nature\u00a0: \u201cPas besoin de devoir d\u00e9bourser le prix d\u2019un TGV pour s\u2019\u00e9vader\u00a0: avec 2,50\u00a0euros pour un ticket, on peut aller dans la nature. Pas besoin non plus d\u2019\u00eatre un expert de la rando et d\u2019\u00eatre super \u00e9quip\u00e9 pour pouvoir partir, c\u2019est ce que nous expliquons dans ce coffret\u201d, souligne Meg-Anne Lagr\u00e8ve.<\/p>\n<p>100 itin\u00e9raires pour des randonn\u00e9es allant de 3\u00a0heures \u00e0 3 jours, sont propos\u00e9s, r\u00e9partis par niveaux et envies\u00a0: 30 balades famille ou fl\u00e2nerie, 53 randonn\u00e9es interm\u00e9diaires, 17 parcours exigeants pour se challenger. Les fiches itin\u00e9raires d\u00e9taillent la difficult\u00e9, l\u2019acc\u00e8s, les points d\u2019int\u00e9r\u00eat, la possibilit\u00e9 de bivouaquer et les pr\u00e9cautions \u00e0 prendre (comme la r\u00e9glementation pour les chiens).<\/p>\n<p>                       <img decoding=\"async\" src=\"https:\/\/www.europesays.com\/fr\/wp-content\/uploads\/2025\/10\/packshots_visuel_master.png\" class=\"block max-w-full h-auto mx-auto rounded-xl lazyload\" alt=\"packshot du coffret Recto Verso Ile-de-France\"  fetchpriority=\"auto\" loading=\"lazy\"\/><\/p>\n<p>            \u00a9 Recto Verso<\/p>\n<p>                Une exp\u00e9rience pens\u00e9e pour l\u2019autonomie et l\u2019\u00e9cologie<\/p>\n<p>Le coffret s\u2019accompagne d\u2019un livret d\u2019organisation\u00a0: conseils aux familles, astuces pour le trail, l\u00e9gislation sur le bivouac ou recommandations li\u00e9es \u00e0 la faune et la flore locale. \u201cOn essaie de donner les cl\u00e9s de l\u2019acc\u00e8s \u00e0 ces environnements, mais sans non plus participer \u00e0 la surconsommation de la nature, \u00e0 la surfr\u00e9quentation de certains sentiers. On a un code de l\u2019aventure responsable, par exemple, qui rappelle les valeurs du livre No Trace, de ne pas laisser de d\u00e9chets, de respecter les environnements\u201d, raconte Meg-Anne Lagr\u00e8ve.<\/p>\n<p>Le projet s\u2019inscrit dans une approche \u00e9cologique. Con\u00e7u et imprim\u00e9 en France, sur du papier respectueux de l\u2019environnement, il vise la r\u00e9gulation des flux vers des territoires moins connus et la valorisation d\u2019une nature locale, hors des sentiers battus\u00a0: \u201cAvec 100 itin\u00e9raires dans le coffret, on peut se permettre de surprendre, de proposer des itin\u00e9raires vers des territoires qui sont peut-\u00eatre moins sexy ou moins pr\u00e9sents dans le radar des r\u00e9seaux sociaux et des m\u00e9dias de sport outdoor. En faisant cela, on essaye de participer \u00e0 la r\u00e9gulation de ces flux vers des r\u00e9gions et des sentiers peut-\u00eatre un peu moins connus\u201d, analyse-t-elle.<\/p>\n<p>                Acc\u00e8s et communaut\u00e9\u00a0: sortir, partager, aventurer<\/p>\n<p>Une r\u00e8gle importante de ce coffret\u00a0: tous les parcours sont accessibles en transport. \u201cOn a d\u00e9tricot\u00e9 tout le r\u00e9seau de transport pour justement que les sentiers soient accessibles \u00e0 la fois au d\u00e9part et \u00e0 l\u2019arriv\u00e9e en transport en commun. Une grande partie, environ 70\u00a0% des parcours, est accessible en une heure de Paris. Pour les 30\u00a0% restants, il faut compter entre une heure et demie, deux heures max.\u201d La plupart se rallient en train, Transilien, m\u00e9tro, parfois en bus, avec la particularit\u00e9 d\u2019avoir des gares interm\u00e9diaires pour s\u2019adapter \u00e0 la saison et au temps de marche disponible. S\u2019il fait nuit t\u00f4t ou que le d\u00e9part de la rando a \u00e9t\u00e9 un peu plus tard que pr\u00e9vu, il est donc possible de trouver une solution de repli \u00e0 mi-parcours.<\/p>\n<p>Au-del\u00e0 du coffret physique, Recto Verso propose une plateforme communautaire en ligne et un groupe WhatsApp r\u00e9serv\u00e9 aux membres\u00a0: pr\u00eate de mat\u00e9riel, co-aventure, organisation, conseils sp\u00e9cifiques, tout est pens\u00e9 pour valoriser l\u2019entraide entre passionn\u00e9s comme d\u00e9butants.<\/p>\n<p>                Des itin\u00e9raires qui incitent \u00e0 la d\u00e9couverte<\/p>\n<p>                       <img decoding=\"async\" src=\"https:\/\/www.europesays.com\/fr\/wp-content\/uploads\/2025\/10\/visuels_fiche_itineraire.jpeg\" class=\"block max-w-full h-auto mx-auto rounded-xl lazyload\" alt=\"Fiche itin\u00e9raire pour une randonn\u00e9e en \u00eele-de-france\"  fetchpriority=\"auto\" loading=\"lazy\"\/><\/p>\n<p>            \u00a9 Recto Verso<\/p>\n<p>Parmi les parcours embl\u00e9matiques, citons \u201cLe bout du monde \u00e0 Royaumont\u201d (Val-d\u2019Oise, 6h, niveau interm\u00e9diaire, accessible juste avec un passe Navigo ou un ticket \u00e0 l\u2019unit\u00e9), ou \u201cBivouac dans la Brie Verte\u201d (Seine-et-Marne, deux jours, niveau interm\u00e9diaire). Chaque itin\u00e9raire est une invitation \u00e0 la d\u00e9couverte\u00a0: culture, patrimoine, nature, tous test\u00e9s et reconnus par l\u2019\u00e9quipe de Recto Verso (six personnes) et de contributeurs locaux qui connaissent parfaitement leur r\u00e9gion.\u200b<\/p>\n<p>Le coffret sera disponible \u00e0 la vente d\u00e8s le 24\u00a0novembre en ligne sur <a target=\"_blank\" rel=\"noreferrer noopener nofollow\" href=\"http:\/\/www.rectoverso.co\">rectoverso.co<\/a> et dans <a target=\"_blank\" rel=\"noreferrer noopener nofollow\" href=\"https:\/\/www.rectoverso.co\/boutique\/points-de-vente\">des boutiques partenaires<\/a> comme Nature et D\u00e9couverte, Au Vieux Campeur, Tonton Outdoor, Les Raffineurs ou Steel Cyclewear and CoffeeShop. Il est d\u2019ores et d\u00e9j\u00e0 en pr\u00e9commande \u00e0 compter d\u2019aujourd\u2019hui, 29\u00a0octobre 2025. Cette bo\u00eete \u00e0 outils, v\u00e9ritable une porte ouverte vers un nouveau regard sur la nature \u00e0 port\u00e9e de main, peut aussi s\u2019imaginer comme un beau cadeau pour les f\u00eates de fin d\u2019ann\u00e9e.<\/p>\n","protected":false},"excerpt":{"rendered":"Trouver un sentier sauvage, un vallon oubli\u00e9 ou une for\u00eat peu fr\u00e9quent\u00e9e sans quitter l\u2019\u00cele-de-France\u00a0: c\u2019est le pari&hellip;\n","protected":false},"author":2,"featured_media":497817,"comment_status":"","ping_status":"","sticky":false,"template":"","format":"standard","meta":{"footnotes":""},"categories":[1592],"tags":[62035,1111,11,6874,18807,1777,674,1011,27,662,2742,12,15830,626,7553,25,49542,586,4064],"class_list":{"0":"post-497816","1":"post","2":"type-post","3":"status-publish","4":"format-standard","5":"has-post-thumbnail","7":"category-ile-de-france","8":"tag-action-et-aventure","9":"tag-actu","10":"tag-actualites","11":"tag-cadeau","12":"tag-cadeaux","13":"tag-eu","14":"tag-europe","15":"tag-fr","16":"tag-france","17":"tag-ile-de-france","18":"tag-nature","19":"tag-news","20":"tag-noel","21":"tag-paris","22":"tag-randonnee","23":"tag-republique-francaise","24":"tag-um_wdm","25":"tag-voyage","26":"tag-week-end"},"share_on_mastodon":{"url":"https:\/\/pubeurope.com\/@fr\/115457899848292524","error":""},"_links":{"self":[{"href":"https:\/\/www.europesays.com\/fr\/wp-json\/wp\/v2\/posts\/497816","targetHints":{"allow":["GET"]}}],"collection":[{"href":"https:\/\/www.europesays.com\/fr\/wp-json\/wp\/v2\/posts"}],"about":[{"href":"https:\/\/www.europesays.com\/fr\/wp-json\/wp\/v2\/types\/post"}],"author":[{"embeddable":true,"href":"https:\/\/www.europesays.com\/fr\/wp-json\/wp\/v2\/users\/2"}],"replies":[{"embeddable":true,"href":"https:\/\/www.europesays.com\/fr\/wp-json\/wp\/v2\/comments?post=497816"}],"version-history":[{"count":0,"href":"https:\/\/www.europesays.com\/fr\/wp-json\/wp\/v2\/posts\/497816\/revisions"}],"wp:featuredmedia":[{"embeddable":true,"href":"https:\/\/www.europesays.com\/fr\/wp-json\/wp\/v2\/media\/497817"}],"wp:attachment":[{"href":"https:\/\/www.europesays.com\/fr\/wp-json\/wp\/v2\/media?parent=497816"}],"wp:term":[{"taxonomy":"category","embeddable":true,"href":"https:\/\/www.europesays.com\/fr\/wp-json\/wp\/v2\/categories?post=497816"},{"taxonomy":"post_tag","embeddable":true,"href":"https:\/\/www.europesays.com\/fr\/wp-json\/wp\/v2\/tags?post=497816"}],"curies":[{"name":"wp","href":"https:\/\/api.w.org\/{rel}","templated":true}]}}