{"id":49782,"date":"2025-04-24T18:15:08","date_gmt":"2025-04-24T18:15:08","guid":{"rendered":"https:\/\/www.europesays.com\/fr\/49782\/"},"modified":"2025-04-24T18:15:08","modified_gmt":"2025-04-24T18:15:08","slug":"ile-de-france-mobilites-approuve-le-projet","status":"publish","type":"post","link":"https:\/\/www.europesays.com\/fr\/49782\/","title":{"rendered":"\u00cele-de-France Mobilit\u00e9s approuve le projet"},"content":{"rendered":"<p>            Par<br \/>\n        <strong><br \/>\n            <a href=\"https:\/\/actu.fr\/auteur\/benjamin-forant\" title=\"Consulter tous les articles de Benjamin Forant\" rel=\"nofollow noopener\" target=\"_blank\">Benjamin Forant<\/a><br \/>\n        <\/strong><\/p>\n<p>        Publi\u00e9 le<\/p>\n<p>            24 avr. 2025 \u00e0 20h04        <\/p>\n<p>C\u2019est un projet qui avance petit \u00e0 petit. En ce mois d\u2019avril\u00a02025, le plan de mise en place des bus dits de <a href=\"https:\/\/actu.fr\/ile-de-france\/chelles_77108\/presque-plus-rien-ne-soppose-a-la-creation-de-cette-ligne-de-bus-en-seine-et-marne_62335105.html\" rel=\"nofollow noopener\" target=\"_blank\">\u00ab\u2009Bords de Marne\u2009\u00bb <\/a>s\u2019affine. En effet, le 10\u00a0avril 2025, le Conseil d\u2019Administration d\u2019<a href=\"https:\/\/actu.fr\/tag\/ile-de-france-mobilites\" rel=\"nofollow noopener\" target=\"_blank\">\u00cele-de-France Mobilit\u00e9s<\/a> a approuv\u00e9 la <b>d\u00e9claration<\/b> de <b>projet,<\/b> marquant une avanc\u00e9e concr\u00e8te.<\/p>\n<p class=\" wall-content\">Pour rappel, l\u2019id\u00e9e des bus \u00ab\u00a0Bords de Marne\u00a0\u00bb est de cr\u00e9er une nouvelle ligne circulant majoritairement sur des voies d\u00e9di\u00e9es entre Val de <b>Fontenay<\/b> et <b>Chelles-Gournay,<\/b> tout cela via <b>Neuilly-Plaisance.<\/b> \u00ab\u00a0Il permet ainsi d\u2019offrir une solution de transport rapide, fiable et confortable pour se d\u00e9placer, combinant la desserte fine du<\/p>\n<p class=\" wall-content\">territoire et une liaison efficace vers les p\u00f4les gares. Le projet s\u2019accompagnera d\u2019une r\u00e9organisation du r\u00e9seau de bus local pour maintenir la desserte actuellement assur\u00e9e par <b>la ligne 113 <\/b>\u00e0 Nogent-sur-Marne et au-del\u00e0 de la gare de Chelles-Gournay\u00a0\u00bb, pr\u00e9cise \u00cele-de-France Mobilit\u00e9s.<\/p>\n<p>Les engagements d\u2019\u00cele-de-France Mobilit\u00e9s pr\u00e9cis\u00e9s<\/p>\n<p class=\" wall-content\">Cette validation du Conseil d\u2019Administration pr\u00e9cise les <b>engagements<\/b> d\u2019\u00cele-de-France Mobilit\u00e9s. Deux r\u00e9serves avaient \u00e9t\u00e9 \u00e9mises, et la soci\u00e9t\u00e9 y r\u00e9pond\u2009:<\/p>\n<ul class=\" wall-content\">\n<li>Poursuivre l\u2019am\u00e9lioration de la conception des am\u00e9nagements autour de la gare RER de Neuilly-Plaisance, afin de garantir la s\u00e9curisation des flux de tous les usagers (bus, automobilistes, pi\u00e9tons, cycles), en s\u2019appuyant sur un organisme de contr\u00f4le qualifi\u00e9 agr\u00e9\u00e9 sur la question de la s\u00e9curit\u00e9<\/li>\n<li>Exclure le parking P\u00e9rotin \u00e0 Chelles du p\u00e9rim\u00e8tre de la d\u00e9claration d\u2019utilit\u00e9 publique du projet et poursuivre les \u00e9changes sur le stationnement, avec la Ville de Chelles, en lien avec l\u2019am\u00e9nagement pr\u00e9vu sur l\u2019avenue du Mar\u00e9chal Foch.<\/li>\n<\/ul>\n<p>Vid\u00e9os : en ce moment sur Actu<\/p>\n<p class=\" wall-content\">\u00cele-de-France Mobilit\u00e9s a aussi suivi des <b>recommandations.<\/b> L\u2019entreprise de transport s\u2019engage notamment \u00e0 <b>poursuivre<\/b> les <b>\u00e9changes<\/b> et les actions en vue de <b>l\u2019am\u00e9lioration de la ligne de bus 113<\/b> d\u2019ici l\u2019arriv\u00e9e du bus \u00ab\u2009Bords de Marne\u2009\u00bb, actualiser les \u00e9tudes permettant d\u2019\u00e9valuer <b>l\u2019impact<\/b> du <b>projet<\/b> sur la <b>circulation<\/b> routi\u00e8re ou encore \u00e9tudier des alternatives d\u2019insertion du bus \u00ab\u2009Bords de Marne\u2009\u00bb entre Neuilly-Plaisance et Le Perreux-sur-Marne susceptibles de diminuer les risques d\u2019engorgement de la circulation automobile dans ce secteur.<\/p>\n<p class=\" wall-content\">La prochaine \u00e9tape importante sera l\u2019avis des <b>pr\u00e9fectures<\/b> du Val-de-Marne, de Seine-Saint-Denis et de Seine-et-Marne sur la reconnaissance de l\u2019utilit\u00e9 publique pour ce projet. On en saura plus dans quelques semaines.<\/p>\n<p class=\" wall-content\">Suivez toute l\u2019actualit\u00e9 de vos villes et m\u00e9dias favoris en vous inscrivant \u00e0 <a href=\"https:\/\/moncompte.actu.fr\" title=\"D\u00e9couvez Mon Actu\" rel=\"nofollow noopener\" data-trk=\"{&quot;cta&quot;:{&quot;action&quot;:&quot;https:\\\/\\\/moncompte.actu.fr&quot;,&quot;category&quot;:&quot;mon compte&quot;,&quot;from&quot;:&quot;article footer&quot;,&quot;name&quot;:&quot;Mon actu&quot;,&quot;type&quot;:&quot;cta&quot;}}\" target=\"_blank\">Mon Actu<\/a>.<\/p>\n<ul class=\"ac-article-tag wall-content\">\n<li><a href=\"https:\/\/actu.fr\/tag\/ile-de-france-mobilites\" data-trk=\"{&quot;cta&quot;:{&quot;action&quot;:&quot;Ile-de-France Mobilit\\u00e9s&quot;,&quot;category&quot;:&quot;tag&quot;,&quot;from&quot;:&quot;article footer&quot;,&quot;name&quot;:&quot;Ile-de-France Mobilit\\u00e9s&quot;,&quot;type&quot;:&quot;cta&quot;}}\" rel=\"nofollow noopener\" target=\"_blank\">#Ile-de-France Mobilit\u00e9s<\/a><\/li>\n<li><a href=\"https:\/\/actu.fr\/tag\/transport\" data-trk=\"{&quot;cta&quot;:{&quot;action&quot;:&quot;Transport&quot;,&quot;category&quot;:&quot;tag&quot;,&quot;from&quot;:&quot;article footer&quot;,&quot;name&quot;:&quot;Transport&quot;,&quot;type&quot;:&quot;cta&quot;}}\" rel=\"nofollow noopener\" target=\"_blank\">#Transport<\/a><\/li>\n<\/ul>\n","protected":false},"excerpt":{"rendered":"Par Benjamin Forant Publi\u00e9 le 24 avr. 2025 \u00e0 20h04 C\u2019est un projet qui avance petit \u00e0 petit.&hellip;\n","protected":false},"author":2,"featured_media":49783,"comment_status":"","ping_status":"","sticky":false,"template":"","format":"standard","meta":{"footnotes":""},"categories":[1592],"tags":[1111,11,1777,674,1011,27,662,10883,12,626,25,104,2803],"class_list":{"0":"post-49782","1":"post","2":"type-post","3":"status-publish","4":"format-standard","5":"has-post-thumbnail","7":"category-ile-de-france","8":"tag-actu","9":"tag-actualites","10":"tag-eu","11":"tag-europe","12":"tag-fr","13":"tag-france","14":"tag-ile-de-france","15":"tag-ile-de-france-mobilites","16":"tag-news","17":"tag-paris","18":"tag-republique-francaise","19":"tag-societe","20":"tag-transport"},"share_on_mastodon":{"url":"https:\/\/pubeurope.com\/@fr\/114394308560596163","error":""},"_links":{"self":[{"href":"https:\/\/www.europesays.com\/fr\/wp-json\/wp\/v2\/posts\/49782","targetHints":{"allow":["GET"]}}],"collection":[{"href":"https:\/\/www.europesays.com\/fr\/wp-json\/wp\/v2\/posts"}],"about":[{"href":"https:\/\/www.europesays.com\/fr\/wp-json\/wp\/v2\/types\/post"}],"author":[{"embeddable":true,"href":"https:\/\/www.europesays.com\/fr\/wp-json\/wp\/v2\/users\/2"}],"replies":[{"embeddable":true,"href":"https:\/\/www.europesays.com\/fr\/wp-json\/wp\/v2\/comments?post=49782"}],"version-history":[{"count":0,"href":"https:\/\/www.europesays.com\/fr\/wp-json\/wp\/v2\/posts\/49782\/revisions"}],"wp:featuredmedia":[{"embeddable":true,"href":"https:\/\/www.europesays.com\/fr\/wp-json\/wp\/v2\/media\/49783"}],"wp:attachment":[{"href":"https:\/\/www.europesays.com\/fr\/wp-json\/wp\/v2\/media?parent=49782"}],"wp:term":[{"taxonomy":"category","embeddable":true,"href":"https:\/\/www.europesays.com\/fr\/wp-json\/wp\/v2\/categories?post=49782"},{"taxonomy":"post_tag","embeddable":true,"href":"https:\/\/www.europesays.com\/fr\/wp-json\/wp\/v2\/tags?post=49782"}],"curies":[{"name":"wp","href":"https:\/\/api.w.org\/{rel}","templated":true}]}}