{"id":497823,"date":"2025-10-29T14:24:13","date_gmt":"2025-10-29T14:24:13","guid":{"rendered":"https:\/\/www.europesays.com\/fr\/497823\/"},"modified":"2025-10-29T14:24:13","modified_gmt":"2025-10-29T14:24:13","slug":"concerts-animations-jeux-video-le-programme-de-la-paris-games-week-2025-le-rendez-vous-des-fans-de-gaming","status":"publish","type":"post","link":"https:\/\/www.europesays.com\/fr\/497823\/","title":{"rendered":"Concerts, animations, jeux vid\u00e9o\u2026 Le programme de la Paris Games Week 2025, le rendez-vous des fans de gaming"},"content":{"rendered":"<p class=\"article-p mdl\">La 14\u1d49 \u00e9dition de la Paris Games Week, le rendez-vous incontournable des amateurs de jeux vid\u00e9o, ouvre ses portes ce jeudi 30 octobre \u00e0 la Porte de Versailles. Pendant quatre jours, plus de 180.000 visiteurs sont attendus dans les all\u00e9es de la Paris Expo, pour profiter du gaming sous toutes ses formes.<\/p>\n<p class=\"article-p mdl\">Cette ann\u00e9e, les organisateurs affichent une ambition claire : \u00e9galer, voire d\u00e9passer l&rsquo;affluence de l&rsquo;an pass\u00e9. Pour y parvenir, ils ont mis\u00e9 sur une \u00e9dition enti\u00e8rement repens\u00e9e. Fini les halls qui ferment \u00e0 19 heures et les travailleurs frustr\u00e9s de ne pouvoir venir qu\u2019en week-end. Cette ann\u00e9e, la Paris Games Week joue les prolongations :\u00a0<a class=\"link\" href=\"https:\/\/www.parisgamesweek.com\/fr\/programme\" target=\"_blank\" rel=\"noopener\">les halls 1 et 2 de la Porte de Versailles resteront ouverts jusqu\u2019\u00e0 21 heures.<\/a><\/p>\n<p class=\"article-p mdl\">Mais la vraie nouveaut\u00e9, c\u2019est du c\u00f4t\u00e9 du D\u00f4me de Paris qu\u2019il faudra la chercher. Pour la premi\u00e8re fois, l\u2019espace accueillera des soir\u00e9es priv\u00e9es, exclusivement r\u00e9serv\u00e9es aux d\u00e9tenteurs de billets premium. Au programme, des concerts d&rsquo;orchestre symphonique ou de rap avec\u00a0<a class=\"link\" href=\"https:\/\/www.rtl.fr\/culture\/musique\/bigflo-et-oli-ce-tube-qui-a-necessite-4-ans-de-travail-et-6-versions-differentes-7900035949\" target=\"_blank\" rel=\"noopener\">Bigflo &amp; Oli<\/a>\u00a0ou Naza, une partie g\u00e9ante de Loup-Garou, ou la finale d&rsquo;un tournoi d&rsquo;e-sport.<\/p>\n<p>            La Switch 2 \u00e0 l&rsquo;essai avec deux exclusivit\u00e9s, le prochain \u00ab\u00a0Call of Duty\u00a0\u00bb en avant-premi\u00e8re<\/p>\n<p class=\"article-p mdl\">Et ce ne sont pas les seules cartes que les organisateurs comptent abattre pour doper la fr\u00e9quentation. Cette ann\u00e9e,\u00a0<a class=\"link\" href=\"https:\/\/www.rtl.fr\/actu\/sciences-tech\/switch-2-devez-vous-vraiment-l-acheter-notre-test-apres-une-semaine-d-utilisation-quotidienne-7900514689\" target=\"_blank\" rel=\"noopener\">Nintendo cr\u00e9e l\u2019\u00e9v\u00e9nement en mettant \u00e0 disposition sa tr\u00e8s attendue Switch 2<\/a>, accompagn\u00e9e de deux exclusivit\u00e9s : Kirby Air Riders et Metroid Prime 4: Beyond.<\/p>\n<p class=\"article-p mdl\">Les autres g\u00e9ants du jeu vid\u00e9o ne seront pas en reste : Xbox viendra pr\u00e9senter ses consoles portables ROG Xbox Ally et\u00a0Microsoft mettra en avant Gears of War : Reloaded. Activision promet aussi d&rsquo;attirer les foules avec le dernier opus de sa c\u00e9l\u00e8bre franchise\u00a0<a class=\"link\" href=\"https:\/\/www.rtl.fr\/actu\/sciences-tech\/call-of-duty-black-ops-6-ce-que-l-on-sait-sur-le-nouvel-episode-de-la-franchise-7900389123\" target=\"_blank\" rel=\"noopener\">Call of Duty<\/a>, jouable en avant-premi\u00e8re avant sa sortie officielle le 14 novembre.<\/p>\n<p>        \u00c0 \u00e9couter<\/p>\n<p class=\"col-12 col-md-11\">\n<p>                                FOCUS &#8211; Paris Games Week : le salon qui met le jeu-vid\u00e9o entre les mains de toutes et tous\n                        <\/p>\n<p class=\"article-p mdl\">C\u00f4t\u00e9 personnalit\u00e9s, la Paris Games Week mise sur les stars du web pour s\u00e9duire le public. Le jeudi soir,\u00a0<a class=\"link\" href=\"https:\/\/www.rtl.fr\/actu\/debats-societe\/zevent-2025-l-animateur-samuel-etienne-va-t-il-se-presenter-a-la-presidentielle-2027-7900538248\" title=\"ZEvent 2025 : l\u2019animateur Samuel \u00c9tienne va-t-il se pr\u00e9senter \u00e0 la pr\u00e9sidentielle 2027 ?\" target=\"_blank\" rel=\"noopener\">Samuel Etienne<\/a>\u00a0pr\u00e9sentera sa c\u00e9l\u00e8bre \u00e9mission MVP, avec pour invit\u00e9s le Youtubeur Mastu et le streameur Etoiles.<\/p>\n<p class=\"article-p mdl\">Le vendredi 31 octobre, c\u2019est Domingo qui investira la sc\u00e8ne Fnac \u00e0 14h45, avant que les fans de Fortnite puissent retrouver, entre 15 heures et 17 heures,\u00a0<a class=\"link\" href=\"https:\/\/www.rtl.fr\/culture\/medias-people\/qui-est-inoxtag-le-youtubeur-qui-envisage-de-gravir-le-mont-everest-7900371042\" title=\"Qui est Inoxtag, le youtubeur qui s&#039;\u00e9lance pour l&#039;ascension du Mont Everest ?\" target=\"_blank\" rel=\"noopener\">Inoxtag\u00a0<\/a>sur la Fanzone d\u2019Orange pour des affrontements en 1v1<\/p>\n<p>            Des espaces d\u00e9di\u00e9s au manga ou au retrogaming<\/p>\n<p class=\"article-p mdl\">La Paris Games Week ne se limite pas aux derniers hits vid\u00e9oludiques. Pendant quatre jours, les visiteurs pourront explorer des espaces d\u00e9di\u00e9s au manga, au cosplay ou encore au r\u00e9trogaming, pour un d\u00e9tour dans l\u2019histoire et la culture du jeu vid\u00e9o.<\/p>\n<p>Parall\u00e8lement, des animations p\u00e9dagogiques et citoyennes viendront rythmer le salon. L\u2019association Respect Zone proposera des ateliers pour lutter contre la haine en ligne, tandis que l\u2019espace camping pr\u00e9sentera des formations aux m\u00e9tiers du gaming.<\/p>\n<blockquote class=\"twitter-tweet\">\n<p lang=\"fr\" dir=\"ltr\">Voici le plan d\u00e9finitif des Halls 1 &amp; 2.2 de la Paris Games Week ! <\/p>\n<p>Votre meilleur alli\u00e9 dans votre exploration reste l\u2019application PGW, qui vous g\u00e9olocalise et vous guide vers vos stands pr\u00e9f\u00e9r\u00e9s ! <\/p>\n<p>\ud83d\udc49Activez la g\u00e9olocalisation pour vous d\u00e9placer ! <a href=\"https:\/\/t.co\/xrGI1NwwJY\">pic.twitter.com\/xrGI1NwwJY<\/a><\/p>\n<p>\u2014 Paris Games Week (@ParisGamesWeek) <a href=\"https:\/\/twitter.com\/ParisGamesWeek\/status\/1983110883422433513?ref_src=twsrc%5Etfw\" target=\"_blank\" rel=\"noopener\">October 28, 2025<\/a><\/p><\/blockquote>\n<p class=\"article-p mdl\">Pour d\u00e9couvrir toutes les animations, rendez-vous sur le\u00a0<a class=\"link\" href=\"https:\/\/www.parisgamesweek.com\/fr\/programme\" target=\"_blank\" rel=\"noopener\">site officiel de la Paris Games Week<\/a>. L\u2019\u00e9v\u00e9nement se tiendra du 30 octobre au 2 novembre au Paris Expo Porte de Versailles.<\/p>\n<p>    La r\u00e9daction vous recommande<\/p>\n<p class=\"s-newsletter__title\">\n                L\u2019actualit\u00e9 par la r\u00e9daction de RTL dans votre bo\u00eete mail.\n            <\/p>\n<p class=\"s-newsletter__subtitle\">\n                Gr\u00e2ce \u00e0 votre compte RTL abonnez-vous \u00e0 la newsletter RTL info pour suivre toute l&rsquo;actualit\u00e9 au quotidien\n            <\/p>\n<p>\n                                    Lire la suite\n                                <\/p>\n<p>                            <script async src=\"https:\/\/platform.twitter.com\/widgets.js\" charset=\"utf-8\"><\/script><\/p>\n","protected":false},"excerpt":{"rendered":"La 14\u1d49 \u00e9dition de la Paris Games Week, le rendez-vous incontournable des amateurs de jeux vid\u00e9o, ouvre ses&hellip;\n","protected":false},"author":2,"featured_media":497824,"comment_status":"","ping_status":"","sticky":false,"template":"","format":"standard","meta":{"footnotes":""},"categories":[1888],"tags":[11,1697,1777,674,107,1011,27,142,1036,12,626,3616,25],"class_list":{"0":"post-497823","1":"post","2":"type-post","3":"status-publish","4":"format-standard","5":"has-post-thumbnail","7":"category-paris","8":"tag-actualites","9":"tag-concert","10":"tag-eu","11":"tag-europe","12":"tag-fil-info","13":"tag-fr","14":"tag-france","15":"tag-high-tech","16":"tag-jeux-video","17":"tag-news","18":"tag-paris","19":"tag-rap","20":"tag-republique-francaise"},"share_on_mastodon":{"url":"https:\/\/pubeurope.com\/@fr\/115457914626374686","error":""},"_links":{"self":[{"href":"https:\/\/www.europesays.com\/fr\/wp-json\/wp\/v2\/posts\/497823","targetHints":{"allow":["GET"]}}],"collection":[{"href":"https:\/\/www.europesays.com\/fr\/wp-json\/wp\/v2\/posts"}],"about":[{"href":"https:\/\/www.europesays.com\/fr\/wp-json\/wp\/v2\/types\/post"}],"author":[{"embeddable":true,"href":"https:\/\/www.europesays.com\/fr\/wp-json\/wp\/v2\/users\/2"}],"replies":[{"embeddable":true,"href":"https:\/\/www.europesays.com\/fr\/wp-json\/wp\/v2\/comments?post=497823"}],"version-history":[{"count":0,"href":"https:\/\/www.europesays.com\/fr\/wp-json\/wp\/v2\/posts\/497823\/revisions"}],"wp:featuredmedia":[{"embeddable":true,"href":"https:\/\/www.europesays.com\/fr\/wp-json\/wp\/v2\/media\/497824"}],"wp:attachment":[{"href":"https:\/\/www.europesays.com\/fr\/wp-json\/wp\/v2\/media?parent=497823"}],"wp:term":[{"taxonomy":"category","embeddable":true,"href":"https:\/\/www.europesays.com\/fr\/wp-json\/wp\/v2\/categories?post=497823"},{"taxonomy":"post_tag","embeddable":true,"href":"https:\/\/www.europesays.com\/fr\/wp-json\/wp\/v2\/tags?post=497823"}],"curies":[{"name":"wp","href":"https:\/\/api.w.org\/{rel}","templated":true}]}}