{"id":497840,"date":"2025-10-29T14:33:10","date_gmt":"2025-10-29T14:33:10","guid":{"rendered":"https:\/\/www.europesays.com\/fr\/497840\/"},"modified":"2025-10-29T14:33:10","modified_gmt":"2025-10-29T14:33:10","slug":"lyon-le-parc-de-la-tete-dor-ferme-en-urgence-ce-mercredi-voici-pourquoi","status":"publish","type":"post","link":"https:\/\/www.europesays.com\/fr\/497840\/","title":{"rendered":"Lyon. Le parc de la T\u00eate d&rsquo;Or ferm\u00e9 en urgence ce mercredi, voici pourquoi"},"content":{"rendered":"<p>            Par<br \/>\n        <strong><br \/>\n            <a href=\"https:\/\/actu.fr\/auteur\/redaction-lyon\" title=\"Consulter tous les articles de R\u00e9daction Lyon\" target=\"_blank\" rel=\"noopener\">R\u00e9daction Lyon<\/a><br \/>\n        <\/strong><\/p>\n<p>        Publi\u00e9 le<\/p>\n<p>            29 oct. 2025 \u00e0 12h42<br \/>\n        ; mis \u00e0 jour le 29 oct. 2025 \u00e0 12h45    <\/p>\n<p>Alerte aux <strong>vents violents<\/strong>. Depuis ce 12h, le <a href=\"https:\/\/actu.fr\/tag\/parc-de-la-tete-d-or\" target=\"_blank\" rel=\"noopener\">parc de la T\u00eate d\u2019Or<\/a> (6e arrondissement) est ferm\u00e9 au public comme les parcs de la Cerisaie, Blandan et Gerland en raison de la vigilance d\u00e9clench\u00e9e par <a href=\"https:\/\/actu.fr\/tag\/meteo-france\" target=\"_blank\" rel=\"noopener\">M\u00e9t\u00e9o-France<\/a>, a annonc\u00e9 la Ville de <a href=\"https:\/\/actu.fr\/auvergne-rhone-alpes\/lyon_69123\" target=\"_blank\" rel=\"noopener\">Lyon<\/a> en fin de matin\u00e9e.<\/p>\n<p class=\" wall-content\">\u00ab\u00a0En raison d\u2019une <a href=\"https:\/\/actu.fr\/meteo\/rhone-un-coup-de-vent-violent-va-frapper-mercredi-voici-ou-les-rafales-seront-les-plus-fortes_63362264.html\" target=\"_blank\" rel=\"noopener\">vigilance jaune vents violents<\/a>, les grands parcs (T\u00eate d\u2019Or, Cerisaie, Blandan et Gerland) seront ferm\u00e9s aujourd\u2019hui mercredi 29 octobre, \u00e0 partir de 12h.<br \/>L\u2019\u00e9pisode venteux durera jusqu\u2019en d\u00e9but de soir\u00e9e avec des vitesses de vent \u00e0 70 km\/h.<br \/>Soyez vigilant dans vos d\u00e9placements\u00a0\u00bb, annonce la municipalit\u00e9 sur les r\u00e9seaux sociaux.\u00a0<\/p>\n<p>    <a href=\"https:\/\/www.facebook.com\/plugins\/post.php?href=https%3A%2F%2Fwww.facebook.com%2Fvilledelyon%2Fposts%2Fpfbid034THp9dBkq1Pu3gHytHT3Fg2gyAmhRgdGX67UNfhPyfPuSetYzD35WYxsfE3xoRLfl&amp;show_text=true&amp;width=350\" title=\"Ouvrie le lien\" target=\"_blank\" rel=\"noopener\">Cliquez ici pour visualiser le contenu<\/a><\/p>\n<p>Des rafales \u00e0 plus de 70 km\/h dans le Rh\u00f4ne<\/p>\n<p class=\" wall-content\">La vigilance jaune vents violents est active dans le d\u00e9partement du Rh\u00f4ne jusqu\u2019\u00e0 21h ce mercredi.\u00a0<\/p>\n<p class=\" wall-content\">Ds rafales jusqu\u2019\u00e0 70 km\/h sont attendues \u00e0 Lyon et dans plusieurs secteurs du d\u00e9partement cette apr\u00e8s-midi, notamment Neuville-sur-Sa\u00f4ne, Pusignan, Belleville, Tarare. Localement, le vent pourra souffler jusqu\u2019\u00e0 80 km\/h, particuli\u00e8rement dans le nord-Is\u00e8re dans le secteur de Vienne.<\/p>\n<p class=\" wall-content\">Personnalisez votre actualit\u00e9 en ajoutant vos villes et m\u00e9dias en favori avec <a href=\"https:\/\/moncompte.actu.fr\" title=\"D\u00e9couvez Mon Actu\" rel=\"nofollow noopener\" data-trk=\"{&quot;cta&quot;:{&quot;action&quot;:&quot;https:\\\/\\\/moncompte.actu.fr&quot;,&quot;category&quot;:&quot;mon compte&quot;,&quot;from&quot;:&quot;article footer&quot;,&quot;name&quot;:&quot;Mon actu&quot;,&quot;type&quot;:&quot;cta&quot;}}\" target=\"_blank\">Mon Actu<\/a>.<\/p>\n","protected":false},"excerpt":{"rendered":"Par R\u00e9daction Lyon Publi\u00e9 le 29 oct. 2025 \u00e0 12h42 ; mis \u00e0 jour le 29 oct. 2025&hellip;\n","protected":false},"author":2,"featured_media":497841,"comment_status":"","ping_status":"","sticky":false,"template":"","format":"standard","meta":{"footnotes":""},"categories":[2],"tags":[11,1011,27,3059,2487,2357,12,13760,25],"class_list":{"0":"post-497840","1":"post","2":"type-post","3":"status-publish","4":"format-standard","5":"has-post-thumbnail","7":"category-actualites","8":"tag-actualites","9":"tag-fr","10":"tag-france","11":"tag-intemperies","12":"tag-meteo","13":"tag-meteo-france","14":"tag-news","15":"tag-parc-de-la-tete-dor","16":"tag-republique-francaise"},"share_on_mastodon":{"url":"https:\/\/pubeurope.com\/@fr\/115457950062338067","error":""},"_links":{"self":[{"href":"https:\/\/www.europesays.com\/fr\/wp-json\/wp\/v2\/posts\/497840","targetHints":{"allow":["GET"]}}],"collection":[{"href":"https:\/\/www.europesays.com\/fr\/wp-json\/wp\/v2\/posts"}],"about":[{"href":"https:\/\/www.europesays.com\/fr\/wp-json\/wp\/v2\/types\/post"}],"author":[{"embeddable":true,"href":"https:\/\/www.europesays.com\/fr\/wp-json\/wp\/v2\/users\/2"}],"replies":[{"embeddable":true,"href":"https:\/\/www.europesays.com\/fr\/wp-json\/wp\/v2\/comments?post=497840"}],"version-history":[{"count":0,"href":"https:\/\/www.europesays.com\/fr\/wp-json\/wp\/v2\/posts\/497840\/revisions"}],"wp:featuredmedia":[{"embeddable":true,"href":"https:\/\/www.europesays.com\/fr\/wp-json\/wp\/v2\/media\/497841"}],"wp:attachment":[{"href":"https:\/\/www.europesays.com\/fr\/wp-json\/wp\/v2\/media?parent=497840"}],"wp:term":[{"taxonomy":"category","embeddable":true,"href":"https:\/\/www.europesays.com\/fr\/wp-json\/wp\/v2\/categories?post=497840"},{"taxonomy":"post_tag","embeddable":true,"href":"https:\/\/www.europesays.com\/fr\/wp-json\/wp\/v2\/tags?post=497840"}],"curies":[{"name":"wp","href":"https:\/\/api.w.org\/{rel}","templated":true}]}}