{"id":497850,"date":"2025-10-29T14:42:11","date_gmt":"2025-10-29T14:42:11","guid":{"rendered":"https:\/\/www.europesays.com\/fr\/497850\/"},"modified":"2025-10-29T14:42:11","modified_gmt":"2025-10-29T14:42:11","slug":"cyclisme-transfert-florian-senechal-devrait-se-relancer-dans-une-worldtour-belge","status":"publish","type":"post","link":"https:\/\/www.europesays.com\/fr\/497850\/","title":{"rendered":"Cyclisme. Transfert &#8211; Florian S\u00e9n\u00e9chal devrait se relancer dans une WorldTour belge"},"content":{"rendered":"<p>Apr\u00e8s deux ann\u00e9es mitig\u00e9es au sein de l&rsquo;\u00e9quipe <strong><a href=\"https:\/\/www.cyclismactu.net\/..\/news-route-cofidis-recrute-un-directeur-sportif-de-chez-arkea-b-b-hotels-90799.html\" target=\"_blank\" rel=\"noopener\">Ark\u00e9a-B&amp;B H\u00f4tels<\/a><\/strong>, <strong>Florian S\u00e9n\u00e9chal <\/strong>devrait profiter de la suppression de son \u00e9quipe pour se relancer dans une autre formation de haut niveau. En effet, selon les informations du Het Laatste Nieuws, l&rsquo;ancien champion de France devrait s&rsquo;engager avec la formation <strong><a href=\"https:\/\/www.cyclismactu.net\/..\/news-transfert-route-gerben-thijssen-en-route-pour-equipe-alpecin-deceunninck-en-2026-90595.html\" target=\"_blank\" rel=\"noopener\">Alpecin-Deceuninck<\/a> <\/strong>de <strong>Mathieu van der Poel <\/strong>pour jouer les \u00e9quipiers de luxe.<\/p>\n<p>Vid\u00e9o &#8211; Florian S\u00e9n\u00e9chal \u00e0 notre micro apr\u00e8s Roubaix Lire la suite de l&rsquo;article&#13;<\/p>\n<p>\u00a0<\/p>\n<p>&#13;<br \/>\nEquipier de luxe pour Mathieu van der Poel et Jasper Philipsen&#13;<\/p>\n<p>Un temps courtis\u00e9 par <strong style=\"font-size: 10px;\"><a href=\"https:\/\/www.cyclismactu.net\/..\/news-transfert-route-totalenergies-a-prolonge-un-de-ses-meilleurs-coureurs-francais-90629.html\" target=\"_blank\" rel=\"noopener\">TotalEnergies<\/a><\/strong>, <strong style=\"font-size: 10px;\">Florian S\u00e9n\u00e9chal <\/strong>devrait donc finalement s&rsquo;engager \u00e0 l&rsquo;\u00e9tranger, apr\u00e8s avoir d\u00e9j\u00e0 pass\u00e9 cinq ann\u00e9es dans l&rsquo;\u00e9quipe <strong>Soudal Quick-Step<\/strong>. Equipier solide et parfois capable de jouer sa carte sur les plus grandes courses du calendrier lorsqu&rsquo;il \u00e9tait dans l&rsquo;ancienne \u00e9quipe de <strong>Patrick Lefevere<\/strong>, le classicmen de 32 ans va pouvoir se relancer dans l&rsquo;une des meilleurs \u00e9quipes sur les monuments, apr\u00e8s deux ann\u00e9es sans r\u00e9sultats probants. Le nordiste sera donc un renfort de choix pour <strong>Mathieu van der Poel<\/strong>, seul \u00e0 avoir pu contrarier <strong>Tadej Pogacar <\/strong>(UAE Team Emirates XRG) sur les monuments cette ann\u00e9e.<\/p>\n","protected":false},"excerpt":{"rendered":"Apr\u00e8s deux ann\u00e9es mitig\u00e9es au sein de l&rsquo;\u00e9quipe Ark\u00e9a-B&amp;B H\u00f4tels, Florian S\u00e9n\u00e9chal devrait profiter de la suppression de&hellip;\n","protected":false},"author":2,"featured_media":497851,"comment_status":"","ping_status":"","sticky":false,"template":"","format":"standard","meta":{"footnotes":""},"categories":[1411],"tags":[1154,207,211,1011,27,209,60,210,969,212,208,213],"class_list":{"0":"post-497850","1":"post","2":"type-post","3":"status-publish","4":"format-standard","5":"has-post-thumbnail","7":"category-cyclisme","8":"tag-cycling","9":"tag-cyclisme","10":"tag-ffc","11":"tag-fr","12":"tag-france","13":"tag-route","14":"tag-sports","15":"tag-tour-de-france","16":"tag-transfert","17":"tag-uci","18":"tag-velo","19":"tag-world-tour"},"share_on_mastodon":{"url":"https:\/\/pubeurope.com\/@fr\/115457985378857417","error":""},"_links":{"self":[{"href":"https:\/\/www.europesays.com\/fr\/wp-json\/wp\/v2\/posts\/497850","targetHints":{"allow":["GET"]}}],"collection":[{"href":"https:\/\/www.europesays.com\/fr\/wp-json\/wp\/v2\/posts"}],"about":[{"href":"https:\/\/www.europesays.com\/fr\/wp-json\/wp\/v2\/types\/post"}],"author":[{"embeddable":true,"href":"https:\/\/www.europesays.com\/fr\/wp-json\/wp\/v2\/users\/2"}],"replies":[{"embeddable":true,"href":"https:\/\/www.europesays.com\/fr\/wp-json\/wp\/v2\/comments?post=497850"}],"version-history":[{"count":0,"href":"https:\/\/www.europesays.com\/fr\/wp-json\/wp\/v2\/posts\/497850\/revisions"}],"wp:featuredmedia":[{"embeddable":true,"href":"https:\/\/www.europesays.com\/fr\/wp-json\/wp\/v2\/media\/497851"}],"wp:attachment":[{"href":"https:\/\/www.europesays.com\/fr\/wp-json\/wp\/v2\/media?parent=497850"}],"wp:term":[{"taxonomy":"category","embeddable":true,"href":"https:\/\/www.europesays.com\/fr\/wp-json\/wp\/v2\/categories?post=497850"},{"taxonomy":"post_tag","embeddable":true,"href":"https:\/\/www.europesays.com\/fr\/wp-json\/wp\/v2\/tags?post=497850"}],"curies":[{"name":"wp","href":"https:\/\/api.w.org\/{rel}","templated":true}]}}