{"id":497854,"date":"2025-10-29T14:44:10","date_gmt":"2025-10-29T14:44:10","guid":{"rendered":"https:\/\/www.europesays.com\/fr\/497854\/"},"modified":"2025-10-29T14:44:10","modified_gmt":"2025-10-29T14:44:10","slug":"pour-que-je-lui-donne-du-fric-roselyne-bachelot-balance-sur-pierre-jean-chalencon","status":"publish","type":"post","link":"https:\/\/www.europesays.com\/fr\/497854\/","title":{"rendered":"\u201cPour que je lui donne du fric\u201d : Roselyne Bachelot balance sur Pierre-Jean Chalen\u00e7on"},"content":{"rendered":"<p>L\u2019affaire du spectaculaire <a href=\"https:\/\/www.closermag.fr\/vecu\/vol-au-louvre-la-bande-son-du-braquage-a-fuite-une-info-majeure-revelee-3588482\" target=\"_blank\" rel=\"noopener\"><br \/>\ncambriolage du <strong>Louvre<\/strong><\/a>, avec un pr\u00e9judice<br \/>\nestim\u00e9 \u00e0 88 millions d\u2019euros, fait toujours couler beaucoup<br \/>\nd\u2019encre. Les autorit\u00e9s devraient annoncer un nouveau d\u00e9veloppement<br \/>\nce mercredi 29 octobre 2025. La garde \u00e0 vue des deux suspects<br \/>\ninterpell\u00e9s samedi soir arrive bient\u00f4t \u00e0 son terme. La procureure<br \/>\ntiendra une conf\u00e9rence de presse \u00e0 17 h, accompagn\u00e9e de<br \/>\nrepr\u00e9sentants de la Brigade de R\u00e9pression du Banditisme et de<br \/>\nl\u2019Office central de lutte contre le trafic de biens culturels,<br \/>\ncharg\u00e9s de l\u2019enqu\u00eate.<\/p>\n<p data-start=\"788\" data-end=\"1230\">Cette affaire qui a secou\u00e9 le<br \/>\nmonde de la culture et <strong>fait grand bruit dans les<br \/>\nm\u00e9dias<\/strong>, n\u2019a pas \u00e9chapp\u00e9 \u00e0 <a href=\"https:\/\/www.closermag.fr\/people\/vol-au-louvre-deux-hommes-arretes-pierre-jean-chalencon-dispose-a-les-faire-parler-3589455\" target=\"_blank\" rel=\"noopener\"><br \/>\nPierre-Jean Chalen\u00e7on<\/a>. L\u2019ancien acheteur d\u2019Affaire conclue a suivi de pr\u00e8s le dossier et<br \/>\nses r\u00e9actions avaient d\u00e9j\u00e0 fait parler sur les r\u00e9seaux. Roselyne<br \/>\nBachelot n\u2019a d\u2019ailleurs pas h\u00e9sit\u00e9 \u00e0 commenter le comportement du<br \/>\ncollectionneur.<\/p>\n<p>Les Grosses T\u00eates<br \/>\n\u00e9voquent Pierre-Jean Chalen\u00e7on<\/p>\n<p data-start=\"141\" data-end=\"1230\">Ce lundi 27 octobre, les<br \/>\nauditeurs de RTL ont entendu le nom de Pierre-Jean Chalen\u00e7on d\u00e8s<br \/>\nles premi\u00e8res minutes de l\u2019\u00e9mission Les Grosses T\u00eates anim\u00e9e par <a href=\"https:\/\/www.closermag.fr\/people\/il-ny-aura-pas-de-prochain-laurent-ruquier-se-livre-apres-sa-rupture-avec-hugo-manos-3550322\" target=\"_blank\" rel=\"noopener\"><br \/>\nLaurent Ruquier<\/a>. Jean-Louis Naitana, alias Zize du Panier, a<br \/>\nattir\u00e9 l\u2019attention avec ses bijoux tape-\u00e0-l\u2019\u0153il, ce qui a pouss\u00e9<br \/>\nRuquier \u00e0 lancer un clin d\u2019\u0153il \u00e0 l\u2019affaire des joyaux du Louvre :<br \/>\n\u00ab\u00a0<strong>C\u2019est toi qui les as vol\u00e9s ?<\/strong>\u00ab\u00a0. \u00c0 quoi<br \/>\nl\u2019humoriste a r\u00e9pondu avec humour : \u00ab\u00a0Non, je suis pass\u00e9e par<br \/>\nl\u00e0, c\u2019\u00e9tait par terre et j\u2019ai ramass\u00e9\u00a0\u00bb.<\/p>\n<p data-start=\"141\" data-end=\"1230\">Le nom du collectionneur est<br \/>\nrevenu plusieurs fois au cours de la demi-heure d\u2019\u00e9mission. Cela<br \/>\nconcernait notamment <strong>sa r\u00e9action face aux arrestations<br \/>\nli\u00e9es au cambriolage du Louvre<\/strong>. Laurent Ruquier a rappel\u00e9<br \/>\nles propos de Chalen\u00e7on dans une vid\u00e9o post\u00e9e sur X le 25 octobre :<br \/>\n\u00ab\u00a0J\u2019apprends \u00e0 l\u2019instant que deux de ces crapules ont,<br \/>\npara\u00eet-il, \u00e9t\u00e9 interpell\u00e9es. Rendez les diamants de la<br \/>\nCouronne ! Les belles ordures&#8230; Des ordures !\u00a0\u00bb.<\/p>\n<p>Roselyne Bachelot balance sur sa relation tendue avec le<br \/>\ncollectionneur<\/p>\n<p data-start=\"1291\" data-end=\"2235\">L\u2019\u00e9mission a \u00e9galement permis<br \/>\nde revenir sur les liens entre Chalen\u00e7on et les autres membres de<br \/>\nl\u2019\u00e9mission. Ruquier a confi\u00e9 : \u00ab\u00a0Je me demande si on ne va pas<br \/>\nle faire revenir aux <a href=\"https:\/\/www.closermag.fr\/tv_tele_realite\/les-grosses-tetes-je-me-leve-je-te-fous-un-pain-vive-altercation-entre-une-societaire-historique-et-une-petite-nouvelle-3486915\" target=\"_blank\" rel=\"noopener\"><br \/>\nGrosses T\u00eates<\/a> ! Il a fait une fois Les Grosses T\u00eates ! Je ne<br \/>\nsais pas ce qu\u2019il m\u2019avait pris, c\u2019\u00e9tait l\u2019\u00e9poque o\u00f9 il \u00e9tait dans<br \/>\n<a href=\"https:\/\/www.closermag.fr\/people\/julien-cohen-affaire-conclue-son-divorce-tourne-a-laigre-son-ex-femme-aurait-depasse-les-bornes-3575525\" target=\"_blank\" rel=\"noopener\"><br \/>\nAffaire conclue<\/a>. C\u2019\u00e9tait avant qu\u2019il p\u00e8te un peu un c\u00e2ble, on<br \/>\nparle d\u2019avant le confinement\u201d.<\/p>\n<p data-start=\"1291\" data-end=\"2235\">Roselyne Bachelot a alors<br \/>\nr\u00e9pliqu\u00e9 cash : \u00ab\u00a0On est un peu f\u00e2ch\u00e9s. Enfin lui est f\u00e2ch\u00e9 avec<br \/>\nmoi. <strong>Je ne lui ai pas donn\u00e9 son fric pour se r\u00e9cup\u00e9rer au<br \/>\nmoment o\u00f9 il est venu me trouver au minist\u00e8re de la<br \/>\nCulture<\/strong>. Je finance plut\u00f4t des projets d\u2019int\u00e9r\u00eat g\u00e9n\u00e9ral<br \/>\net non pas d\u2019int\u00e9r\u00eat particulier\u00a0\u00bb.<\/p>\n","protected":false},"excerpt":{"rendered":"L\u2019affaire du spectaculaire cambriolage du Louvre, avec un pr\u00e9judice estim\u00e9 \u00e0 88 millions d\u2019euros, fait toujours couler beaucoup&hellip;\n","protected":false},"author":2,"featured_media":497855,"comment_status":"","ping_status":"","sticky":false,"template":"","format":"standard","meta":{"footnotes":""},"categories":[1359],"tags":[58,59,1011,27,973,34317,58236],"class_list":{"0":"post-497854","1":"post","2":"type-post","3":"status-publish","4":"format-standard","5":"has-post-thumbnail","7":"category-people","8":"tag-divertissement","9":"tag-entertainment","10":"tag-fr","11":"tag-france","12":"tag-people","13":"tag-pierre-jean-chalencon","14":"tag-roselyne-bachelot"},"share_on_mastodon":{"url":"https:\/\/pubeurope.com\/@fr\/115457993647860275","error":""},"_links":{"self":[{"href":"https:\/\/www.europesays.com\/fr\/wp-json\/wp\/v2\/posts\/497854","targetHints":{"allow":["GET"]}}],"collection":[{"href":"https:\/\/www.europesays.com\/fr\/wp-json\/wp\/v2\/posts"}],"about":[{"href":"https:\/\/www.europesays.com\/fr\/wp-json\/wp\/v2\/types\/post"}],"author":[{"embeddable":true,"href":"https:\/\/www.europesays.com\/fr\/wp-json\/wp\/v2\/users\/2"}],"replies":[{"embeddable":true,"href":"https:\/\/www.europesays.com\/fr\/wp-json\/wp\/v2\/comments?post=497854"}],"version-history":[{"count":0,"href":"https:\/\/www.europesays.com\/fr\/wp-json\/wp\/v2\/posts\/497854\/revisions"}],"wp:featuredmedia":[{"embeddable":true,"href":"https:\/\/www.europesays.com\/fr\/wp-json\/wp\/v2\/media\/497855"}],"wp:attachment":[{"href":"https:\/\/www.europesays.com\/fr\/wp-json\/wp\/v2\/media?parent=497854"}],"wp:term":[{"taxonomy":"category","embeddable":true,"href":"https:\/\/www.europesays.com\/fr\/wp-json\/wp\/v2\/categories?post=497854"},{"taxonomy":"post_tag","embeddable":true,"href":"https:\/\/www.europesays.com\/fr\/wp-json\/wp\/v2\/tags?post=497854"}],"curies":[{"name":"wp","href":"https:\/\/api.w.org\/{rel}","templated":true}]}}