{"id":497856,"date":"2025-10-29T14:45:13","date_gmt":"2025-10-29T14:45:13","guid":{"rendered":"https:\/\/www.europesays.com\/fr\/497856\/"},"modified":"2025-10-29T14:45:13","modified_gmt":"2025-10-29T14:45:13","slug":"la-statue-de-lion-geant-de-lartiste-richard-orlinski-va-bientot-etre-retiree-de-la-place-garibaldi","status":"publish","type":"post","link":"https:\/\/www.europesays.com\/fr\/497856\/","title":{"rendered":"La statue de lion g\u00e9ant de l\u2019artiste Richard Orlinski va bient\u00f4t \u00eatre retir\u00e9e de la place Garibaldi"},"content":{"rendered":"<p>On ne pourra plus se rafra\u00eechir \u00e0 l\u2019ombre de son imposante crini\u00e8re\u00a0: la <a href=\"https:\/\/www.20minutes.fr\/dossier\/statue\" class=\"c-link c-link--is-underlined\" target=\"_blank\" rel=\"noopener\">statue<\/a> de <a href=\"https:\/\/www.20minutes.fr\/dossier\/lion\" class=\"c-link c-link--is-underlined\" target=\"_blank\" rel=\"noopener\">lion <\/a>monumentale du <a href=\"https:\/\/www.20minutes.fr\/strasbourg\/3053515-20210603-strasbourg-trois-plus-remarquables-uvres-industrie-magnifique\" class=\"c-link c-link--is-underlined\" target=\"_blank\" rel=\"noopener\">plasticien fran\u00e7ais Richard Orlinski<\/a> va bient\u00f4t \u00eatre d\u00e9boulonn\u00e9e son emplacement de la place Garibaldi, \u00e0 <a href=\"https:\/\/www.20minutes.fr\/nice\/\" class=\"c-link c-link--is-underlined\" target=\"_blank\" rel=\"noopener\">Nice<\/a>, o\u00f9 elle tr\u00f4nait depuis juin\u00a02023, rapporte <a href=\"https:\/\/www.lefigaro.fr\/nice\/nice-le-lion-geant-de-richard-orlinski-bientot-retire-20251028\" rel=\"nofollow noopener\" target=\"_blank\" class=\"c-link c-link--is-underlined\">Le Figaro<\/a>.<\/p>\n<\/p>\n<p>Un bail plusieurs fois reconduit<\/p>\n<p>Si la date exacte de son enl\u00e8vement n\u2019a pas \u00e9t\u00e9 pr\u00e9cis\u00e9e par la mairie de la \u00ab\u00a0Cit\u00e9 des anges\u00a0\u00bb, il devrait toutefois survenir avant le 30\u00a0novembre 2025, date qui marque officiellement la fin du contrat de \u00ab\u00a0<a href=\"https:\/\/www.20minutes.fr\/dossier\/pret\" class=\"c-link c-link--is-underlined\" target=\"_blank\" rel=\"noopener\">pr\u00eat<\/a> \u00e0 titre gratuit\u00a0\u00bb conclu entre la ville et l\u2019<a href=\"https:\/\/www.20minutes.fr\/dossier\/artiste\" class=\"c-link c-link--is-underlined\" target=\"_blank\" rel=\"noopener\">artiste<\/a>.<\/p>\n<p>Reste que la fameuse statue \u2013 haute de cinq m\u00e8tres et repr\u00e9sentant, dans un style contemporain, un lion assis et rugissant \u2013 aura jou\u00e9 les prolongations, puisqu\u2019elle aurait initialement d\u00fb \u00eatre retir\u00e9e apr\u00e8s trois mois d\u2019<a href=\"https:\/\/www.20minutes.fr\/dossier\/exposition\" class=\"c-link c-link--is-underlined\" target=\"_blank\" rel=\"noopener\">exposition<\/a>, avant que son bail ne soit prolong\u00e9 de trente jours\u2026 qui sont devenus pr\u00e8s de trente mois\u00a0!<\/p>\n<blockquote cite=\"https:\/\/graph.facebook.com\/100044114962317\/posts\/819647222849102\/\" class=\"fb-xfbml-parse-ignore\">\n<p>La promenade d\u2019Orlinski \ud83e\udd8d<br \/>\n\ud83d\udccdExposition in\u00e9dite de 10 \u0153uvres monumentales \u00e0 Nice <\/p>\n<p>\ud83d\uddd3\ufe0fDu 10 Juin au 30 Septembre 2023 <\/p>\n<p>@&#8230;<\/p>\n<p>Posted by <a href=\"https:\/\/www.facebook.com\/richardorlinski.fr\" target=\"_blank\" rel=\"noopener\">Richard Orlinski<\/a> on\u00a0<a href=\"https:\/\/graph.facebook.com\/100044114962317\/posts\/819647222849102\/\" target=\"_blank\" rel=\"noopener\">Friday, June 9, 2023<\/a><\/p><\/blockquote>\n<p class=\"mb-xxl@xs color-ultramarine font-weight-semi-bold@xs font-source-serif-pro heading-s@xs\">L\u2019acc\u00e8s \u00e0 ce contenu a \u00e9t\u00e9 bloqu\u00e9 afin de respecter votre choix de consentement<\/p>\n<p class=\"mb-m@xs text-l@xs\">En cliquant sur\u00ab J\u2019accepte \u00bb, vous acceptez le d\u00e9p\u00f4t de cookies par des services externes et aurez ainsi acc\u00e8s aux contenus de nos partenaires.<\/p>\n<p class=\"mb-xl@xs text-s@xs\">Plus d\u2019informations sur la page<a href=\"https:\/\/www.20minutes.fr\/gestion-cookies\" class=\"mx-xxs@xs color-ultramarine\" target=\"_blank\" rel=\"noopener\">Politique de gestion des cookies<\/a><\/p>\n<p>J\u2019accepteAdmirateurs vs d\u00e9tracteurs<\/p>\n<p>L\u2019artiste contemporain, sculpteur et musicien Richard Orlinski avait en effet pr\u00e9sent\u00e9 dix statues animales durant l\u2019\u00e9t\u00e9\u00a02023 dans divers lieux ni\u00e7ois, mais seul le lion \u00e9tait rest\u00e9 sur la <a href=\"https:\/\/www.20minutes.fr\/nice\/744077-20110620-indignes-nicois-garibaldi\" class=\"c-link c-link--is-underlined\" target=\"_blank\" rel=\"noopener\">place Garibaldi<\/a>, situ\u00e9e entre le port et la vieille ville. L\u2019installation de ces \u0153uvres avait suscit\u00e9 de nombreuses r\u00e9actions, parfois critiques, de la part des habitants et des visiteurs.<\/p>\n<p><a href=\"https:\/\/www.20minutes.fr\/dossier\/statue\" class=\"c-link c-btn c-btn--primary\" target=\"_blank\" rel=\"noopener\">Notre dossier \u00ab Statues \u00bb<\/a><\/p>\n<p>\u00c0 l\u2019issue du retrait pr\u00e9vu, la ville de Nice envisage de remplacer la statue par une nouvelle <a href=\"https:\/\/www.20minutes.fr\/dossier\/oeuvre_d_art\" class=\"c-link c-link--is-underlined\" target=\"_blank\" rel=\"noopener\">\u0153uvre<\/a> pour combler le vide que laissera son d\u00e9part, sans en d\u00e9voiler pour l\u2019instant la nature ni l\u2019artiste pressenti\u00a0: \u00ab\u00a0La d\u00e9cision n\u2019est pas encore prise, nous \u00e9tudions plusieurs pistes\u00a0\u00bb, a ainsi confirm\u00e9 l\u2019h\u00f4tel de ville au Figaro.<\/p>\n","protected":false},"excerpt":{"rendered":"On ne pourra plus se rafra\u00eechir \u00e0 l\u2019ombre de son imposante crini\u00e8re\u00a0: la statue de lion monumentale du&hellip;\n","protected":false},"author":2,"featured_media":497857,"comment_status":"","ping_status":"","sticky":false,"template":"","format":"standard","meta":{"footnotes":""},"categories":[1358],"tags":[2898,3734,1348,1384,1385,251,1386,58,59,638,1011,27,639,2401,21832,883,882,11600,133],"class_list":{"0":"post-497856","1":"post","2":"type-post","3":"status-publish","4":"format-standard","5":"has-post-thumbnail","7":"category-arts-et-design","8":"tag-alpes-maritimes","9":"tag-art","10":"tag-arts","11":"tag-arts-and-design","12":"tag-arts-et-design","13":"tag-culture","14":"tag-design","15":"tag-divertissement","16":"tag-entertainment","17":"tag-figaro","18":"tag-fr","19":"tag-france","20":"tag-le-figaro","21":"tag-nice","22":"tag-oeuvre-dart","23":"tag-paca","24":"tag-provence-alpes-cote-dazur","25":"tag-statue","26":"tag-video"},"share_on_mastodon":{"url":"https:\/\/pubeurope.com\/@fr\/115457997084000468","error":""},"_links":{"self":[{"href":"https:\/\/www.europesays.com\/fr\/wp-json\/wp\/v2\/posts\/497856","targetHints":{"allow":["GET"]}}],"collection":[{"href":"https:\/\/www.europesays.com\/fr\/wp-json\/wp\/v2\/posts"}],"about":[{"href":"https:\/\/www.europesays.com\/fr\/wp-json\/wp\/v2\/types\/post"}],"author":[{"embeddable":true,"href":"https:\/\/www.europesays.com\/fr\/wp-json\/wp\/v2\/users\/2"}],"replies":[{"embeddable":true,"href":"https:\/\/www.europesays.com\/fr\/wp-json\/wp\/v2\/comments?post=497856"}],"version-history":[{"count":0,"href":"https:\/\/www.europesays.com\/fr\/wp-json\/wp\/v2\/posts\/497856\/revisions"}],"wp:featuredmedia":[{"embeddable":true,"href":"https:\/\/www.europesays.com\/fr\/wp-json\/wp\/v2\/media\/497857"}],"wp:attachment":[{"href":"https:\/\/www.europesays.com\/fr\/wp-json\/wp\/v2\/media?parent=497856"}],"wp:term":[{"taxonomy":"category","embeddable":true,"href":"https:\/\/www.europesays.com\/fr\/wp-json\/wp\/v2\/categories?post=497856"},{"taxonomy":"post_tag","embeddable":true,"href":"https:\/\/www.europesays.com\/fr\/wp-json\/wp\/v2\/tags?post=497856"}],"curies":[{"name":"wp","href":"https:\/\/api.w.org\/{rel}","templated":true}]}}