{"id":497885,"date":"2025-10-29T15:01:14","date_gmt":"2025-10-29T15:01:14","guid":{"rendered":"https:\/\/www.europesays.com\/fr\/497885\/"},"modified":"2025-10-29T15:01:14","modified_gmt":"2025-10-29T15:01:14","slug":"les-amateurs-du-gsa-tomblaine-heritent-de-las-nancy-lorraine-au-7e-tour-de-la-coupe-de-france","status":"publish","type":"post","link":"https:\/\/www.europesays.com\/fr\/497885\/","title":{"rendered":"Les amateurs du GSA Tomblaine h\u00e9ritent de l&rsquo;AS Nancy Lorraine au 7e tour de la Coupe de France"},"content":{"rendered":"<p>Le tirage au sort du 7e tour de la Coupe de France a eu lieu \u00e0 Paris ce mercredi 29 octobre. Le r\u00eave du GSA Tomblaine a \u00e9t\u00e9 exauc\u00e9. Les Tomblainois recevront l&rsquo;AS Nancy Lorraine, le voisin et pensionnaire du stade Marcel Picot\u00a0! <\/p>\n<p>Une affiche de r\u00eave pour le GSA Tomblaine\u00a0! Pour sa premi\u00e8re participation au 7e tour de la Coupe de France, les Tomblainois ont tir\u00e9 le gros lot. Les pensionnaires de R\u00e9gionale 3, la 8e division, affronteront l&rsquo;un des ogres \u00e0 ce stade de la comp\u00e9tition\u00a0: l&rsquo;AS Nancy Lorraine, \u00e9quipe de Ligue 2.<\/p>\n<p>C&rsquo;\u00e9tait\u00a0<a class=\"IciLink ici-link IciArticleLink g-ici-body-regular-1 underline brand svelte-lu7k6w\" href=\"https:\/\/www.francebleu.fr\/sports\/football\/coupe-de-france-le-gsa-tomblaine-r3-petit-poucet-du-grand-est-reve-d-affronter-un-gros-au-7e-tour-9254820\" rel=\"nofollow noopener\" target=\"_blank\">le r\u00eave du pr\u00e9sident de Tomblaine Philippe Kadem<\/a>, affronter au stade Marcel Picot les Nanc\u00e9iens qu&rsquo;il regarde habituellement en tant que supporter. Il y a six divisions d&rsquo;\u00e9cart entre les deux formations. La rencontre se disputera le week-end des 15 et 16 novembre. Si Tomblaine re\u00e7oit sur le papier, il serait \u00e9tonnant que la partie se dispute au centre sportif R\u00e9mi Walter. Il est possible que ce 7e tour se joue au stade Marcel Picot pour des raisons d&rsquo;organisations et de s\u00e9curit\u00e9.<\/p>\n<p>De son c\u00f4t\u00e9, Raon-l&rsquo;Etape, dernier club vosgien encore en lice, affrontera une autre \u00e9quipe de R\u00e9gionale 1, l&rsquo;ASS Still Mutzig.<\/p>\n<p>\u00c0 lire aussi   <img decoding=\"async\" src=\"https:\/\/www.europesays.com\/fr\/wp-content\/uploads\/2025\/10\/1761750074_842_560x315\" alt=\"Philippe Kadem est le pr\u00e9sident du club du GSA Tomblaine\" style=\"--_image-preview:url('data:image\/jpeg;base64,\/9j\/2wBDACgcHiMeGSgjISMtKygwPGRBPDc3PHtYXUlkkYCZlo+AjIqgtObDoKrarYqMyP\/L2u71\/\/\/\/m8H\/\/\/\/6\/+b9\/\/j\/2wBDASstLTw1PHZBQXb4pYyl+Pj4+Pj4+Pj4+Pj4+Pj4+Pj4+Pj4+Pj4+Pj4+Pj4+Pj4+Pj4+Pj4+Pj4+Pj4+Pj4+Pj\/wAARCAAXACoDASIAAhEBAxEB\/8QAGAABAQEBAQAAAAAAAAAAAAAAAQACAwT\/xAAWEAEBAQAAAAAAAAAAAAAAAAAAARH\/xAAVAQEBAAAAAAAAAAAAAAAAAAABAP\/EABURAQEAAAAAAAAAAAAAAAAAAAAR\/9oADAMBAAIRAxEAPwDnDGZToLULOnSmjglOqiPPKdSBOrUkWpTqQL\/\/2Q==');\" loading=\"lazy\" fetchpriority=\"low\" aria-hidden=\"true\" class=\"svelte-1pnmlwx rounded\" onload=\"this.__e=event\" onerror=\"this.__e=event\"\/><\/p>\n","protected":false},"excerpt":{"rendered":"Le tirage au sort du 7e tour de la Coupe de France a eu lieu \u00e0 Paris ce&hellip;\n","protected":false},"author":2,"featured_media":497886,"comment_status":"","ping_status":"","sticky":false,"template":"","format":"standard","meta":{"footnotes":""},"categories":[9635],"tags":[1111,11,1777,674,1011,27,775,1702,12,25],"class_list":{"0":"post-497885","1":"post","2":"type-post","3":"status-publish","4":"format-standard","5":"has-post-thumbnail","7":"category-nancy","8":"tag-actu","9":"tag-actualites","10":"tag-eu","11":"tag-europe","12":"tag-fr","13":"tag-france","14":"tag-grand-est","15":"tag-nancy","16":"tag-news","17":"tag-republique-francaise"},"share_on_mastodon":{"url":"https:\/\/pubeurope.com\/@fr\/115458060647461670","error":""},"_links":{"self":[{"href":"https:\/\/www.europesays.com\/fr\/wp-json\/wp\/v2\/posts\/497885","targetHints":{"allow":["GET"]}}],"collection":[{"href":"https:\/\/www.europesays.com\/fr\/wp-json\/wp\/v2\/posts"}],"about":[{"href":"https:\/\/www.europesays.com\/fr\/wp-json\/wp\/v2\/types\/post"}],"author":[{"embeddable":true,"href":"https:\/\/www.europesays.com\/fr\/wp-json\/wp\/v2\/users\/2"}],"replies":[{"embeddable":true,"href":"https:\/\/www.europesays.com\/fr\/wp-json\/wp\/v2\/comments?post=497885"}],"version-history":[{"count":0,"href":"https:\/\/www.europesays.com\/fr\/wp-json\/wp\/v2\/posts\/497885\/revisions"}],"wp:featuredmedia":[{"embeddable":true,"href":"https:\/\/www.europesays.com\/fr\/wp-json\/wp\/v2\/media\/497886"}],"wp:attachment":[{"href":"https:\/\/www.europesays.com\/fr\/wp-json\/wp\/v2\/media?parent=497885"}],"wp:term":[{"taxonomy":"category","embeddable":true,"href":"https:\/\/www.europesays.com\/fr\/wp-json\/wp\/v2\/categories?post=497885"},{"taxonomy":"post_tag","embeddable":true,"href":"https:\/\/www.europesays.com\/fr\/wp-json\/wp\/v2\/tags?post=497885"}],"curies":[{"name":"wp","href":"https:\/\/api.w.org\/{rel}","templated":true}]}}